{"id":914,"date":"2016-12-20T15:14:50","date_gmt":"2016-12-20T15:14:50","guid":{"rendered":"https:\/\/scienzaegoverno.org\/book\/orchestra-di-padova-e-del-veneto-le-novita-del-2017\/"},"modified":"2023-09-13T17:02:01","modified_gmt":"2023-09-13T15:02:01","slug":"orchestra-di-padova-e-del-veneto-le-novita-del-2017","status":"publish","type":"post","link":"https:\/\/www.scienzaegoverno.org\/?p=914","title":{"rendered":"* Orchestra di Padova e del Veneto. Le novit\u00e0 del 2017"},"content":{"rendered":"<p class=\"rtecenter\"><img loading=\"lazy\" decoding=\"async\" class=\" size-full wp-image-913\" alt=\"OPV all'orto botanico di Padova\" src=\"https:\/\/scienzaegoverno.org\/wp-content\/uploads\/2016\/12\/OPV-in-orto-botanico.jpg\" style=\"width: 800px; height: 535px;\" width=\"800\" height=\"535\" srcset=\"https:\/\/www.scienzaegoverno.org\/wp-content\/uploads\/2016\/12\/OPV-in-orto-botanico.jpg 800w, https:\/\/www.scienzaegoverno.org\/wp-content\/uploads\/2016\/12\/OPV-in-orto-botanico-300x201.jpg 300w, https:\/\/www.scienzaegoverno.org\/wp-content\/uploads\/2016\/12\/OPV-in-orto-botanico-768x514.jpg 768w\" sizes=\"auto, (max-width: 800px) 100vw, 800px\" \/><\/p>\n<p class=\"rtejustify\">Lo scorso 19 dicembre, nella sede dell\u2019OPV di Padova, in occasione del concerto di Natale presso la Basilica del Santo, si \u00e8 tenuta una conferenza stampa dove il vicepresidente Vittorio Trolese e il direttore artistico Marco Angius hanno fatto un bilancio artistico della stagione 2016 e presentato le novit\u00e0 del 2017.<\/p>\n<p class=\"rtejustify\">Il Vicepresidente Trolese ha ricordato, con soddisfazione, che il&nbsp; Ministero dei Beni e delle Attivit\u00e0 Culturali e del Turismo ha premiato l\u2019Orchestra di Padova e del Veneto assegnandole il massimo contributo per l\u2019attivit\u00e0 2016. Sono stati riconosciuti sia il valore e l\u2019originalit\u00e0 della programmazione del Maestro Marco Angius, Direttore musicale e artistico di OPV, sia i risultati quantitativi raggiunti in termini di volumi di attivit\u00e0 e di lavoro sul pubblico; pubblico la cui partecipazione nel 2016 \u00e8 cresciuta di circa il 20% rispetto alla stagione precedente.<\/p>\n<p class=\"rtejustify\">Sempre Trolese ha ricordato il protocollo d\u2019intesa firmato tra la Fondazione Orchestra di Padova e del Veneto e&nbsp;<em>Arteven<\/em>, Associazione regionale per la promozione e diffusione del Teatro e della Cultura nelle Comunit\u00e0 Venete.<\/p>\n<p class=\"rtejustify\"><em>L\u2019accordo OPV-Arteven<\/em> \u2013ha detto Trolese &#8211; <em>vuole dar vita ad un pi\u00f9 stretto coordinamento delle reciproche attivit\u00e0, con l\u2019impegno a collaborare per individuare linee guida comuni per lo sviluppo della cultura e dello spettacolo musicale nel territorio veneto consentendoci di realizzare appieno la nostra forte connotazione territoriale.<\/em><\/p>\n<p class=\"rtejustify\">Il maestro Angius ha aperto il suo intervento sottolineando, con la passione che lo distingue, quanto sia importante e urgente che la citt\u00e0 di Padova abbia al pi\u00f9 presto l\u2019Auditorium: l\u2019attivit\u00e0 artistica, la programmazione e la crescita di una Orchestra non possono prescindere da una sede propria che la connoti. Attualmente l\u2019affitto del Pollini ha un costo esorbitante di 2.500 euro al giorno! Il problema \u00e8 acuito dalla recente crisi politica dell\u2019amministrazione comunale. La direzione dell\u2019OPV, con Angius in prima persona, si propone gi\u00e0 da ora un ruolo martellante presso tutti i candidati perch\u00e9, quale che sia l\u2019esito delle prossime elezioni, la nuova Amministrazione consideri una priorit\u00e0 la realizzazione dell\u2019Auditorium.<\/p>\n<p class=\"rtejustify\">Per il programma rimandiamo al link<\/p>\n<p class=\"rtejustify\"><a href=\"http:\/\/www.opvorchestra.it\/\">www.opvorchestra.it<\/a><\/p>\n<p class=\"rtejustify\">e all\u2019allegato.<\/p>\n<p class=\"rtejustify\">Qui preme mettere in evidenza la passione, la competenza musicale e la professionalit\u00e0 di Angius che, sostenuto dai suoi collaboratori, sta rinnovando la qualit\u00e0 orchestrale anche inserendo e integrando al suo interno musicisti scelti con specifici concorsi.<\/p>\n<p class=\"rtejustify\">Tutta la programmazione 2016\/17 ha come filo conduttore il rapporto tra antico e moderno. Il parallelismo sui meccanismi trasversali tra compositori \u00e8 importante, i concerti OPV non sono musica da intrattenimento, sono costruzione e offerta culturale.<\/p>\n<p class=\"rtejustify\">Nella programmazione 2017 non manca la sfida estiva. Sulla scia dell\u2019enorme successo di tutte le nove sinfonie di Beethoven, dirette e presentate da Angius con personale criterio filologico nel luglio &#8211; agosto 2016, l\u2019estate prossima saranno eseguite le quattro sinfonie di Johannes Brahms proponendo la sfida del moderno assieme a un Brahms che \u00e8 &nbsp;stato considerato, esclusivamente ed erroneamente, un esponene &nbsp;della musica romantica. Gi\u00e0 Sch\u00f6nberg individuava in lui, morto nel 1897, uno degli innovatori del &#8216;900.<\/p>\n<p class=\"rtejustify\">L\u2019esecuzione estiva sar\u00e0 anche quest\u2019anno nella cornice dell\u2019Orto botanico di Padova, continuando la collaborazione tra l\u2019Universit\u00e0 di Padova e l\u2019OPV.<\/p>\n<p class=\"rtejustify\"><em>Etta Artale<\/em><\/p>\n","protected":false},"excerpt":{"rendered":"<p>Lo scorso 19 dicembre, nella sede dell\u2019OPV di Padova, in occasione del concerto di Natale presso la Basilica del Santo, si \u00e8 tenuta una conferenza stampa dove il vicepresidente Vittorio Trolese e il direttore artistico Marco Angius hanno fatto un bilancio artistico della stagione 2016 e presentato le novit\u00e0 del 2017. Il Vicepresidente Trolese ha [&hellip;]<\/p>\n","protected":false},"author":4,"featured_media":913,"comment_status":"closed","ping_status":"closed","sticky":false,"template":"","format":"standard","meta":{"advgb_blocks_editor_width":"","advgb_blocks_columns_visual_guide":"","footnotes":""},"categories":[18],"tags":[],"class_list":["post-914","post","type-post","status-publish","format-standard","has-post-thumbnail","hentry","category-pagine_di_articoli"],"author_meta":{"display_name":"NoName","author_link":"https:\/\/www.scienzaegoverno.org\/?author=4"},"featured_img":"https:\/\/www.scienzaegoverno.org\/wp-content\/uploads\/2016\/12\/OPV-in-orto-botanico-300x201.jpg","coauthors":[],"tax_additional":{"categories":{"linked":["<a href=\"https:\/\/www.scienzaegoverno.org\/?cat=18\" class=\"advgb-post-tax-term\">Pagine di articoli<\/a>"],"unlinked":["<span class=\"advgb-post-tax-term\">Pagine di articoli<\/span>"]}},"comment_count":"0","relative_dates":{"created":"Pubblicato 9 anni fa","modified":"Aggiornato 3 anni fa"},"absolute_dates":{"created":"Pubblicato il 20\/12\/2016","modified":"Aggiornato il 13\/09\/2023"},"absolute_dates_time":{"created":"Pubblicato il 20\/12\/2016 15:14","modified":"Aggiornato il 13\/09\/2023 17:02"},"featured_img_caption":"","series_order":"","_links":{"self":[{"href":"https:\/\/www.scienzaegoverno.org\/index.php?rest_route=\/wp\/v2\/posts\/914","targetHints":{"allow":["GET"]}}],"collection":[{"href":"https:\/\/www.scienzaegoverno.org\/index.php?rest_route=\/wp\/v2\/posts"}],"about":[{"href":"https:\/\/www.scienzaegoverno.org\/index.php?rest_route=\/wp\/v2\/types\/post"}],"author":[{"embeddable":true,"href":"https:\/\/www.scienzaegoverno.org\/index.php?rest_route=\/wp\/v2\/users\/4"}],"replies":[{"embeddable":true,"href":"https:\/\/www.scienzaegoverno.org\/index.php?rest_route=%2Fwp%2Fv2%2Fcomments&post=914"}],"version-history":[{"count":1,"href":"https:\/\/www.scienzaegoverno.org\/index.php?rest_route=\/wp\/v2\/posts\/914\/revisions"}],"predecessor-version":[{"id":13686,"href":"https:\/\/www.scienzaegoverno.org\/index.php?rest_route=\/wp\/v2\/posts\/914\/revisions\/13686"}],"wp:featuredmedia":[{"embeddable":true,"href":"https:\/\/www.scienzaegoverno.org\/index.php?rest_route=\/wp\/v2\/media\/913"}],"wp:attachment":[{"href":"https:\/\/www.scienzaegoverno.org\/index.php?rest_route=%2Fwp%2Fv2%2Fmedia&parent=914"}],"wp:term":[{"taxonomy":"category","embeddable":true,"href":"https:\/\/www.scienzaegoverno.org\/index.php?rest_route=%2Fwp%2Fv2%2Fcategories&post=914"},{"taxonomy":"post_tag","embeddable":true,"href":"https:\/\/www.scienzaegoverno.org\/index.php?rest_route=%2Fwp%2Fv2%2Ftags&post=914"}],"curies":[{"name":"wp","href":"https:\/\/api.w.org\/{rel}","templated":true}]}}