{"id":1800,"date":"2021-12-15T13:15:52","date_gmt":"2021-12-15T13:15:52","guid":{"rendered":"https:\/\/scienzaegoverno.org\/book\/6-dicembre-2021-la-prima-giornata-nazionale-dello-spazio\/"},"modified":"2023-09-13T13:15:31","modified_gmt":"2023-09-13T11:15:31","slug":"6-dicembre-2021-la-prima-giornata-nazionale-dello-spazio","status":"publish","type":"post","link":"https:\/\/www.scienzaegoverno.org\/?p=1800","title":{"rendered":"!6 dicembre 2021. La prima Giornata Nazionale dello Spazio"},"content":{"rendered":"<p><img loading=\"lazy\" decoding=\"async\" class=\" size-full wp-image-1799\" alt=\"\" src=\"https:\/\/scienzaegoverno.org\/wp-content\/uploads\/2021\/12\/giornata-nazionale-Spazio.jpg\" style=\"width: 400px; height: 225px;\" width=\"400\" height=\"225\" srcset=\"https:\/\/www.scienzaegoverno.org\/wp-content\/uploads\/2021\/12\/giornata-nazionale-Spazio.jpg 400w, https:\/\/www.scienzaegoverno.org\/wp-content\/uploads\/2021\/12\/giornata-nazionale-Spazio-300x169.jpg 300w\" sizes=\"auto, (max-width: 400px) 100vw, 400px\" \/><\/p>\n<hr \/>\n<p>Il 15 dicembre 1964 l&#39;Italia debuttava nello Spazio con il lancio del satellite San Marco 1 per studi sulla densit\u00e0 dell&#39;aria: diventava cos\u00ec uno tra i primi Stati al mondo ad avere la capacit\u00e0 scientifica e tecnologica per mettere in orbita un satellite. Era l&#39;inizio di un lungo percorso che avrebbe portato il nostro Paese a vantare molti primati nel settore spaziale e a diventarne uno dei protagonisti a livello internazionale.<\/p>\n<p>Per ricordare questo storico evento, il 16 dicembre si celebra la prima Giornata Nazionale dello Spazio, proposta dal Ministro per l&#39;innovazione tecnologica e la transizione digitale (Vittorio Colao, delegato alle politiche spaziali e aerospaziali) con l&#39;obiettivo di sensibilizzare i cittadini, di interessarli alle attivit\u00e0 che riguardano questo ambito, stimolandoli a esplorarlo.<\/p>\n<p id=\"adv-video-article\">Lo spazio \u00e8 vicino alla nostra vita quotidiana pi\u00f9 di quanto immaginiamo: i contributi che provengono dalla scienza e dalla tecnologia ad esso applicate portano infatti a migliorare la condizione umana e a ottenere importanti risultati in termini di crescita economica, benessere, sviluppo sostenibile, protezione dell&#39;ambiente. Le attivit\u00e0 che ruoteranno attorno a questo primo appuntamento sono focalizzate proprio su tali temi, e tutti avranno l&#39;opportunit\u00e0 di approfondirli e di scoprire tante curiosit\u00e0: a tale scopo sono stati coinvolti enti di ricerca, universit\u00e0, musei, fondazioni, istituti scientifici, amministrazioni pubbliche e aziende del settore in tutta Italia, che nel corso della giornata apriranno le porte al pubblico proponendo vari appuntamenti.<br \/>Alle iniziative dei singoli si affianca l&#39;Agenzia spaziale italiana (ASI), che dar\u00e0 il via all&#39;inaugurazione con un momento istituzionale, per poi proseguire con un programma dedicato alle scuole e non solo. In particolare, sono previste visite guidate nella sede di Roma (<a href=\"https:\/\/giornatadellospazio.jeranet.com\/asi-per-lo-spazio\/\">prenotazione obbligatoria<\/a>) e l&#39;inaugurazione della mostra &quot;Lo Spazio per il nostro Pianeta&quot; (<a href=\"https:\/\/www.space4ourplanet.org\/\">visitabile anche on line<\/a>), dedicata alle soluzioni spaziali innovative per costruire un futuro in linea con gli&nbsp;<a href=\"https:\/\/it.wikipedia.org\/wiki\/Obiettivi_di_sviluppo_sostenibile\">Obiettivi di sviluppo sostenibile<\/a>&nbsp;definiti dalle Nazioni Unite. L&#39;agenda degli eventi in programma &#8211; dalle visite guidate ai webinar e alle conferenze &#8211; \u00e8 online sul sito ASI dedicato alla&nbsp;<a href=\"https:\/\/giornatadellospazio.jeranet.com\/\">Giornata dello Spazio<\/a><\/p>\n<p>Continua su <a href=\"https:\/\/www.focus.it\/scienza\/spazio\/giornata-nazionale-dello-spazio\">Focus.it<\/a><\/p>\n","protected":false},"excerpt":{"rendered":"<p>Il 15 dicembre 1964 l&#39;Italia debuttava nello Spazio con il lancio del satellite San Marco 1 per studi sulla densit\u00e0 dell&#39;aria: diventava cos\u00ec uno tra i primi Stati al mondo ad avere la capacit\u00e0 scientifica e tecnologica per mettere in orbita un satellite. Era l&#39;inizio di un lungo percorso che avrebbe portato il nostro Paese [&hellip;]<\/p>\n","protected":false},"author":6,"featured_media":1799,"comment_status":"closed","ping_status":"closed","sticky":false,"template":"","format":"standard","meta":{"advgb_blocks_editor_width":"","advgb_blocks_columns_visual_guide":"","footnotes":""},"categories":[18],"tags":[],"class_list":["post-1800","post","type-post","status-publish","format-standard","has-post-thumbnail","hentry","category-pagine_di_articoli"],"author_meta":{"display_name":"Alberta","author_link":"https:\/\/www.scienzaegoverno.org\/?author=6"},"featured_img":"https:\/\/www.scienzaegoverno.org\/wp-content\/uploads\/2021\/12\/giornata-nazionale-Spazio-300x169.jpg","coauthors":[],"tax_additional":{"categories":{"linked":["<a href=\"https:\/\/www.scienzaegoverno.org\/?cat=18\" class=\"advgb-post-tax-term\">Pagine di articoli<\/a>"],"unlinked":["<span class=\"advgb-post-tax-term\">Pagine di articoli<\/span>"]}},"comment_count":"0","relative_dates":{"created":"Pubblicato 4 anni fa","modified":"Aggiornato 3 anni fa"},"absolute_dates":{"created":"Pubblicato il 15\/12\/2021","modified":"Aggiornato il 13\/09\/2023"},"absolute_dates_time":{"created":"Pubblicato il 15\/12\/2021 13:15","modified":"Aggiornato il 13\/09\/2023 13:15"},"featured_img_caption":"","series_order":"","_links":{"self":[{"href":"https:\/\/www.scienzaegoverno.org\/index.php?rest_route=\/wp\/v2\/posts\/1800","targetHints":{"allow":["GET"]}}],"collection":[{"href":"https:\/\/www.scienzaegoverno.org\/index.php?rest_route=\/wp\/v2\/posts"}],"about":[{"href":"https:\/\/www.scienzaegoverno.org\/index.php?rest_route=\/wp\/v2\/types\/post"}],"author":[{"embeddable":true,"href":"https:\/\/www.scienzaegoverno.org\/index.php?rest_route=\/wp\/v2\/users\/6"}],"replies":[{"embeddable":true,"href":"https:\/\/www.scienzaegoverno.org\/index.php?rest_route=%2Fwp%2Fv2%2Fcomments&post=1800"}],"version-history":[{"count":1,"href":"https:\/\/www.scienzaegoverno.org\/index.php?rest_route=\/wp\/v2\/posts\/1800\/revisions"}],"predecessor-version":[{"id":13190,"href":"https:\/\/www.scienzaegoverno.org\/index.php?rest_route=\/wp\/v2\/posts\/1800\/revisions\/13190"}],"wp:featuredmedia":[{"embeddable":true,"href":"https:\/\/www.scienzaegoverno.org\/index.php?rest_route=\/wp\/v2\/media\/1799"}],"wp:attachment":[{"href":"https:\/\/www.scienzaegoverno.org\/index.php?rest_route=%2Fwp%2Fv2%2Fmedia&parent=1800"}],"wp:term":[{"taxonomy":"category","embeddable":true,"href":"https:\/\/www.scienzaegoverno.org\/index.php?rest_route=%2Fwp%2Fv2%2Fcategories&post=1800"},{"taxonomy":"post_tag","embeddable":true,"href":"https:\/\/www.scienzaegoverno.org\/index.php?rest_route=%2Fwp%2Fv2%2Ftags&post=1800"}],"curies":[{"name":"wp","href":"https:\/\/api.w.org\/{rel}","templated":true}]}}