{"id":1766,"date":"2021-11-03T14:06:04","date_gmt":"2021-11-03T14:06:04","guid":{"rendered":"https:\/\/scienzaegoverno.org\/book\/natura-sonorum-la-56a-stagione-concertistica-opv-di-padova\/"},"modified":"2023-09-13T13:16:02","modified_gmt":"2023-09-13T11:16:02","slug":"natura-sonorum-la-56a-stagione-concertistica-opv-di-padova","status":"publish","type":"post","link":"https:\/\/www.scienzaegoverno.org\/?p=1766","title":{"rendered":"&#8220;Natura Sonorum&#8221;: la 56\u00aa Stagione concertistica OPV di Padova"},"content":{"rendered":"<p><img loading=\"lazy\" decoding=\"async\" class=\" size-full wp-image-1765\" alt=\"\" src=\"https:\/\/scienzaegoverno.org\/wp-content\/uploads\/2021\/11\/Natura-sonorum.jpg\" style=\"width: 450px; height: 225px;\" width=\"450\" height=\"225\" srcset=\"https:\/\/www.scienzaegoverno.org\/wp-content\/uploads\/2021\/11\/Natura-sonorum.jpg 450w, https:\/\/www.scienzaegoverno.org\/wp-content\/uploads\/2021\/11\/Natura-sonorum-300x150.jpg 300w\" sizes=\"auto, (max-width: 450px) 100vw, 450px\" \/><\/p>\n<p><strong>Dall&rsquo;8 gennaio al 9 giugno 2022 la nuova Stagione concertistica firmata dal Direttore musicale e &nbsp;artistico Marco Angius indagher\u00e0 il rapporto tra suono e natura in 10 appuntamenti musicali.<\/strong><br \/> Alcuni tra i pi\u00f9 acclamati solisti della nuova generazione incontreranno a Padova direttori affermati &nbsp;a livello internazionale tra capolavori e programmi pi\u00f9 ricercati. &nbsp;<\/p>\n<hr \/>\n<p>Tutti i concerti avranno luogo al Teatro Verdi di Padova, con capienza al 100%, per un ascolto &nbsp;ottimale assicurato dalla nuova camera acustica. Con il titolo&nbsp;Natura Sonorum, la Fondazione Orchestra di Padova e del Veneto presenta la &nbsp;nuova attesa Stagione concertistica progettata dal Direttore musicale e artistico dell&rsquo;OPV&nbsp;Marco Angius: 10 concerti per un intenso percorso d&rsquo;ascolto che,&nbsp;a partire dall&#39;8 gennaio 2022, accompagner\u00e0 il pubblico fino al 9 giugno. Un titolo fortemente suggestivo che dimostra ancora &nbsp;una volta la stretta connessione con la citt\u00e0 di Padova.<\/p>\n<p>L&rsquo;accesso ai concerti sar\u00e0 consentito unicamente dietro esibizione di green pass. L&rsquo;abbonamento &nbsp;alla Stagione 2021\/2022 consister\u00e0 in un carnet di biglietti di pari importo. Gli abbonamenti-carnet &nbsp;saranno in vendita dal 25 ottobre al 6 novembre presso l&#39;Oratorio di S. Rocco in via S. Lucia (dal &nbsp;luned\u00ec\u0300 al venerd\u00ec\u0300ore 9-17; il sabato ore 10-13).&nbsp;<br \/>I primi 3 giorni di vendita degli abbonamenti (25 &ndash; 27 ottobre) saranno riservati agli abbonati alla &nbsp;55&ordf; Stagione, poi dal 28 ottobre la vendita sar\u00e0 aperta a tutti gli interessati. La vendita proseguir\u00e0 fino a venerd\u00ec 7 gennaio 2022 presso gli uffici della Fondazione OPV (via &nbsp;Marsilio da Padova 1 &ndash; dal luned\u0131\u0300 al venerd\u0131\u0300, ore 10-16).&nbsp;<br \/>Le formule di abbonamento prevederanno:<\/p>\n<ul>\n<li>il ciclo intero (10 concerti: 190&euro; platea, palchi di pepiano &nbsp;e I ordine; 140&euro; palchi II ordine e galleria),<\/li>\n<li>il ciclo parziale (6 concerti serie Blu\/Verde: 120&euro; platea, &nbsp;palchi di pepiano e I ordine; 90&euro; palchi II ordine e galleria)<\/li>\n<li>l&rsquo;abbonamento ridotto Under35 (10 concerti: 80&euro; galleria).&nbsp;<\/li>\n<\/ul>\n<p><a href=\"https:\/\/www.opvorchestra.it\/news-e-press\/detail\/natura-sonorum-la-56-stagione-concertistica-opv\/\">I dettagli<\/a><\/p>\n<p>Il programma in allegato<\/p>\n","protected":false},"excerpt":{"rendered":"<p>Dall&rsquo;8 gennaio al 9 giugno 2022 la nuova Stagione concertistica firmata dal Direttore musicale e &nbsp;artistico Marco Angius indagher\u00e0 il rapporto tra suono e natura in 10 appuntamenti musicali. Alcuni tra i pi\u00f9 acclamati solisti della nuova generazione incontreranno a Padova direttori affermati &nbsp;a livello internazionale tra capolavori e programmi pi\u00f9 ricercati. &nbsp; Tutti i [&hellip;]<\/p>\n","protected":false},"author":4,"featured_media":1765,"comment_status":"closed","ping_status":"closed","sticky":false,"template":"","format":"standard","meta":{"advgb_blocks_editor_width":"","advgb_blocks_columns_visual_guide":"","footnotes":""},"categories":[18],"tags":[],"class_list":["post-1766","post","type-post","status-publish","format-standard","has-post-thumbnail","hentry","category-pagine_di_articoli"],"author_meta":{"display_name":"NoName","author_link":"https:\/\/www.scienzaegoverno.org\/?author=4"},"featured_img":"https:\/\/www.scienzaegoverno.org\/wp-content\/uploads\/2021\/11\/Natura-sonorum-300x150.jpg","coauthors":[],"tax_additional":{"categories":{"linked":["<a href=\"https:\/\/www.scienzaegoverno.org\/?cat=18\" class=\"advgb-post-tax-term\">Pagine di articoli<\/a>"],"unlinked":["<span class=\"advgb-post-tax-term\">Pagine di articoli<\/span>"]}},"comment_count":"0","relative_dates":{"created":"Pubblicato 4 anni fa","modified":"Aggiornato 3 anni fa"},"absolute_dates":{"created":"Pubblicato il 03\/11\/2021","modified":"Aggiornato il 13\/09\/2023"},"absolute_dates_time":{"created":"Pubblicato il 03\/11\/2021 14:06","modified":"Aggiornato il 13\/09\/2023 13:16"},"featured_img_caption":"","series_order":"","_links":{"self":[{"href":"https:\/\/www.scienzaegoverno.org\/index.php?rest_route=\/wp\/v2\/posts\/1766","targetHints":{"allow":["GET"]}}],"collection":[{"href":"https:\/\/www.scienzaegoverno.org\/index.php?rest_route=\/wp\/v2\/posts"}],"about":[{"href":"https:\/\/www.scienzaegoverno.org\/index.php?rest_route=\/wp\/v2\/types\/post"}],"author":[{"embeddable":true,"href":"https:\/\/www.scienzaegoverno.org\/index.php?rest_route=\/wp\/v2\/users\/4"}],"replies":[{"embeddable":true,"href":"https:\/\/www.scienzaegoverno.org\/index.php?rest_route=%2Fwp%2Fv2%2Fcomments&post=1766"}],"version-history":[{"count":1,"href":"https:\/\/www.scienzaegoverno.org\/index.php?rest_route=\/wp\/v2\/posts\/1766\/revisions"}],"predecessor-version":[{"id":13204,"href":"https:\/\/www.scienzaegoverno.org\/index.php?rest_route=\/wp\/v2\/posts\/1766\/revisions\/13204"}],"wp:featuredmedia":[{"embeddable":true,"href":"https:\/\/www.scienzaegoverno.org\/index.php?rest_route=\/wp\/v2\/media\/1765"}],"wp:attachment":[{"href":"https:\/\/www.scienzaegoverno.org\/index.php?rest_route=%2Fwp%2Fv2%2Fmedia&parent=1766"}],"wp:term":[{"taxonomy":"category","embeddable":true,"href":"https:\/\/www.scienzaegoverno.org\/index.php?rest_route=%2Fwp%2Fv2%2Fcategories&post=1766"},{"taxonomy":"post_tag","embeddable":true,"href":"https:\/\/www.scienzaegoverno.org\/index.php?rest_route=%2Fwp%2Fv2%2Ftags&post=1766"}],"curies":[{"name":"wp","href":"https:\/\/api.w.org\/{rel}","templated":true}]}}