{"id":1273,"date":"2019-05-29T11:08:00","date_gmt":"2019-05-29T11:08:00","guid":{"rendered":"https:\/\/scienzaegoverno.org\/book\/cenni-di-economia-ambientale-il-rapporto-utilitaristico-degli-uomini-con-la-natura\/"},"modified":"2023-09-13T17:13:35","modified_gmt":"2023-09-13T15:13:35","slug":"cenni-di-economia-ambientale-il-rapporto-utilitaristico-degli-uomini-con-la-natura","status":"publish","type":"post","link":"https:\/\/www.scienzaegoverno.org\/?p=1273","title":{"rendered":"Cenni di Economia Ambientale. Il rapporto utilitaristico degli uomini con la natura"},"content":{"rendered":"<h3><strong>Prefazione<\/strong><\/h3>\n<p>Dubito che ci sia altra espressione letterale che possa dare il vero significato al presente lavoro di ricerca scientifica meglio di quella test\u00e9 indicata nella magistrale lezione pastorale di uomo, ancor prima che di Alto Prelato, il pi\u00f9 alto rappresentante della Chiesa Cattolica.<br \/>&ldquo;Gli ecosistemi intervengono nel sequestro dell&rsquo;anidride carbonica nella purificazione dell&rsquo;acqua, nel contrasto di malattie e infestazioni, nella composizione del suolo, nella decomposizione dei rifiuti e in moltissimi altri servizi che dimentichiamo o ignoriamo. Quando si rendono conto di questo, molte persone prendono nuovamente coscienza del fatto che viviamo e agiamo a partire da una realt\u00e0 che ci \u00e8 stata previamente donata, che \u00e8 anteriore alle nostre capacit\u00e0 e alla nostra esistenza&rdquo;. (PAPA FRANCESCO: LAUDATO SI&rsquo;, enciclica sulla cura della casa comune. (Pag. 133, Libreria Editrice Vaticana, Roma 2015).&nbsp;<\/p>\n<p style=\"text-align: right;\"><a data-mce-href=\"https:\/\/www.facebook.com\/CentroStudiUomoAmbiente\" href=\"https:\/\/www.facebook.com\/CentroStudiUomoAmbiente\" style=\"margin: 0px; padding: 0px; border: none; outline: 0px; vertical-align: baseline; font-style: italic; font-variant-numeric: inherit; font-variant-east-asian: inherit; font-stretch: inherit; font-size: 13px; line-height: inherit; font-family: Georgia; color: rgb(38, 121, 185); text-decoration-line: none; background-color: rgb(255, 255, 255); text-align: center;\"><img loading=\"lazy\" decoding=\"async\" data-mce-src=\"http:\/\/scienzaegoverno.voxmail.it\/rs\/content\/facebook-logo.png\" height=\"15\" src=\"http:\/\/scienzaegoverno.voxmail.it\/rs\/content\/facebook-logo.png\" style=\"border: none; margin: 0px; padding: 0px; outline: 0px; vertical-align: bottom; font: inherit; max-width: 100%; height: auto;\" width=\"15\" \/><\/a><\/p>\n","protected":false},"excerpt":{"rendered":"<p>Prefazione Dubito che ci sia altra espressione letterale che possa dare il vero significato al presente lavoro di ricerca scientifica meglio di quella test\u00e9 indicata nella magistrale lezione pastorale di uomo, ancor prima che di Alto Prelato, il pi\u00f9 alto rappresentante della Chiesa Cattolica.&ldquo;Gli ecosistemi intervengono nel sequestro dell&rsquo;anidride carbonica nella purificazione dell&rsquo;acqua, nel contrasto [&hellip;]<\/p>\n","protected":false},"author":4,"featured_media":0,"comment_status":"closed","ping_status":"closed","sticky":false,"template":"","format":"standard","meta":{"advgb_blocks_editor_width":"","advgb_blocks_columns_visual_guide":"","footnotes":""},"categories":[18],"tags":[],"class_list":["post-1273","post","type-post","status-publish","format-standard","hentry","category-pagine_di_articoli"],"author_meta":{"display_name":"NoName","author_link":"https:\/\/www.scienzaegoverno.org\/?author=4"},"featured_img":null,"coauthors":[],"tax_additional":{"categories":{"linked":["<a href=\"https:\/\/www.scienzaegoverno.org\/?cat=18\" class=\"advgb-post-tax-term\">Pagine di articoli<\/a>"],"unlinked":["<span class=\"advgb-post-tax-term\">Pagine di articoli<\/span>"]}},"comment_count":"0","relative_dates":{"created":"Pubblicato 7 anni fa","modified":"Aggiornato 3 anni fa"},"absolute_dates":{"created":"Pubblicato il 29\/05\/2019","modified":"Aggiornato il 13\/09\/2023"},"absolute_dates_time":{"created":"Pubblicato il 29\/05\/2019 11:08","modified":"Aggiornato il 13\/09\/2023 17:13"},"featured_img_caption":"","series_order":"","_links":{"self":[{"href":"https:\/\/www.scienzaegoverno.org\/index.php?rest_route=\/wp\/v2\/posts\/1273","targetHints":{"allow":["GET"]}}],"collection":[{"href":"https:\/\/www.scienzaegoverno.org\/index.php?rest_route=\/wp\/v2\/posts"}],"about":[{"href":"https:\/\/www.scienzaegoverno.org\/index.php?rest_route=\/wp\/v2\/types\/post"}],"author":[{"embeddable":true,"href":"https:\/\/www.scienzaegoverno.org\/index.php?rest_route=\/wp\/v2\/users\/4"}],"replies":[{"embeddable":true,"href":"https:\/\/www.scienzaegoverno.org\/index.php?rest_route=%2Fwp%2Fv2%2Fcomments&post=1273"}],"version-history":[{"count":1,"href":"https:\/\/www.scienzaegoverno.org\/index.php?rest_route=\/wp\/v2\/posts\/1273\/revisions"}],"predecessor-version":[{"id":13821,"href":"https:\/\/www.scienzaegoverno.org\/index.php?rest_route=\/wp\/v2\/posts\/1273\/revisions\/13821"}],"wp:attachment":[{"href":"https:\/\/www.scienzaegoverno.org\/index.php?rest_route=%2Fwp%2Fv2%2Fmedia&parent=1273"}],"wp:term":[{"taxonomy":"category","embeddable":true,"href":"https:\/\/www.scienzaegoverno.org\/index.php?rest_route=%2Fwp%2Fv2%2Fcategories&post=1273"},{"taxonomy":"post_tag","embeddable":true,"href":"https:\/\/www.scienzaegoverno.org\/index.php?rest_route=%2Fwp%2Fv2%2Ftags&post=1273"}],"curies":[{"name":"wp","href":"https:\/\/api.w.org\/{rel}","templated":true}]}}