{"id":1224,"date":"2019-01-09T10:13:19","date_gmt":"2019-01-09T10:13:19","guid":{"rendered":"https:\/\/scienzaegoverno.org\/book\/padova-un-concerto-gauguin-celebra-la-mostra-di-palazzo-zabarella\/"},"modified":"2023-09-13T17:12:35","modified_gmt":"2023-09-13T15:12:35","slug":"padova-un-concerto-gauguin-celebra-la-mostra-di-palazzo-zabarella","status":"publish","type":"post","link":"https:\/\/www.scienzaegoverno.org\/?p=1224","title":{"rendered":"* Padova. Un concerto per Gauguin celebra la mostra di Palazzo Zabarella"},"content":{"rendered":"<p style=\"text-align: center;\"><img loading=\"lazy\" decoding=\"async\" class=\" size-full wp-image-1222\" alt=\"\" src=\"https:\/\/scienzaegoverno.org\/wp-content\/uploads\/2019\/01\/OPV-Marco-Angius.jpg\" style=\"width: 550px; height: 364px;\" title=\"OPV e Marco Angius\" width=\"550\" height=\"364\" srcset=\"https:\/\/www.scienzaegoverno.org\/wp-content\/uploads\/2019\/01\/OPV-Marco-Angius.jpg 550w, https:\/\/www.scienzaegoverno.org\/wp-content\/uploads\/2019\/01\/OPV-Marco-Angius-300x199.jpg 300w\" sizes=\"auto, (max-width: 550px) 100vw, 550px\" \/><\/p>\n<p>Il concerto \u00e8 stato pensato in occasione della mostra&nbsp;<a href=\"http:\/\/www.zabarella.it\/mostre\/gauguin-e-gli-impressionisti\/\">Gauguin e gli Impressionisti<\/a>. Capolavori dalla Collezione Ordrupgaard&nbsp;(Padova Palazzo Zabarella 29 settembre 2018 &ndash; 27 gennaio 2019), per sostenere il progetto &ldquo;Slowdown Santa Sofia&rdquo; della&nbsp;<a href=\"https:\/\/www.downdadi.it\/\">Fondazione Vite Vere Down D.A.D.I<\/a>. Tale progetto, che consiste nella realizzazione di una struttura turistica in pieno centro storico, su due piani con giardino privato, gestita dai ragazzi con Sindrome di Down\/Disabilit\u00e0 Intellettiva, \u00e8 stato reso possibile dalla Parrocchia di Santa Sofia che ha messo a disposizione della Fondazione D.A.D.I., in comodato gratuito, l&rsquo;edificio adiacente la Canonica.<\/p>\n<p>L&rsquo;evento musicale nasce dalla collaborazione di&nbsp;<a href=\"https:\/\/www.opvorchestra.it\/\">OPV<\/a>,&nbsp; il&nbsp;<a href=\"http:\/\/www.conservatoriopollini.it\/\">Conservatorio Statale di Musica &ldquo;Cesare Pollini&rdquo;<\/a>, la&nbsp;<a href=\"http:\/\/www.zabarella.it\/\">Fondazione Bano<\/a>, La Fondazione Vite Vere Down Dadi. La realizzazione \u00e8 resa possibile grazie al sostegno del Lions Club Gattamelata.<br \/>Nella conferenza stampa di presentazione \u00e8 stata sottolineata la novit\u00e0 di tale iniziativa come frutto di collaborazione tra Istituzioni diverse della citt\u00e0 di Padova in appoggio anche culturale al terzo settore. Si tratta di un primo evento di tale genere a cui si pensa di dare seguito con altri eventi musicali simili&nbsp; a ridosso di altre mostre.<br \/>\u00c8 il tema della mostra di Palazzo Zabarella a guidare la scelta del programma, centrato su Ravel e Delius, compositori che, dice il direttore artistico e musicale dell&#39;OPV, Marco Angius &#8211; &laquo;guardano all&rsquo;impressionismo ciascuno a modo proprio e in un periodo successivo. Anche se non si pu\u00f2 parlare in senso stretto di &ldquo;musica impressionista&rdquo;, visto che i suoni producono sempre delle percezioni sensoriali pi\u00f9 o meno acute, entrambi i compositori riescono ad esaltare la componente visionaria che \u00e8 insita nel linguaggio musicale. La scena del ruscello in estate, voci di uccelli e insetti che ronzano, suoni di ingranaggi automatici, infantili e diabolici al tempo stesso, sono aspetti prismatici di un interesse acceso verso l&rsquo;ingresso del naturalismo &ldquo;integrale&rdquo; in musica&raquo;.<br \/>Protagonista della serata assieme all&rsquo;orchestra di Padova e del Veneto, la violinista Beatrice Spina, giovanissima musicista di Novara, nata nel 2000, che si \u00e8 gi\u00e0 affermata a livello internazionale vincendo numerosi concorsi.<\/p>\n<p><img loading=\"lazy\" decoding=\"async\" class=\" size-full wp-image-1223\" alt=\"\" src=\"https:\/\/scienzaegoverno.org\/wp-content\/uploads\/2019\/01\/Beatrice-Spina-small.jpg\" style=\"width: 214px; height: 300px;\" title=\"Beatrice Spina\" width=\"214\" height=\"300\" \/><br \/>&nbsp;<\/p>\n<hr \/>\n<p>Biglietto unico 20&euro;, acquistabile&nbsp;online sulla piattaforma WebTIC, presso Gabbia Dischi (via Dante, 8) o la sera del concerto al botteghino dell&rsquo;Auditorium Pollini a partire dalle ore 20.&nbsp;<br \/>Gli incassi della serata saranno destinati al progetto &ldquo;SlowDown Santa Sofia&rdquo; della Fondazione Vite Vere Down Dadi.<br \/>Il biglietto per il concerto d\u00e0 diritto a una riduzione sull&rsquo;acquisto del biglietto per la mostra di Palazzo Zabarella (fino al 27 gennaio 2019).<br \/>&nbsp;<\/p>\n<p><em>&nbsp;Programma e dettagli nell&rsquo;allegato<\/em><\/p>\n<p style=\"text-align: right;\"><a data-mce-href=\"https:\/\/www.facebook.com\/CentroStudiUomoAmbiente\" href=\"https:\/\/www.facebook.com\/CentroStudiUomoAmbiente\" style=\"margin: 0px; padding: 0px; border: none; outline: 0px; vertical-align: baseline; font-style: italic; font-variant-numeric: inherit; font-variant-east-asian: inherit; font-stretch: inherit; font-size: 13px; line-height: inherit; font-family: Georgia; color: rgb(38, 121, 185); text-decoration-line: none; background-color: rgb(255, 255, 255); text-align: center;\"><img loading=\"lazy\" decoding=\"async\" data-mce-src=\"http:\/\/scienzaegoverno.voxmail.it\/rs\/content\/facebook-logo.png\" height=\"15\" src=\"http:\/\/scienzaegoverno.voxmail.it\/rs\/content\/facebook-logo.png\" style=\"border: none; margin: 0px; padding: 0px; outline: 0px; vertical-align: bottom; font: inherit; max-width: 100%; height: auto;\" width=\"15\" \/><\/a><\/p>\n","protected":false},"excerpt":{"rendered":"<p>Il concerto \u00e8 stato pensato in occasione della mostra&nbsp;Gauguin e gli Impressionisti. Capolavori dalla Collezione Ordrupgaard&nbsp;(Padova Palazzo Zabarella 29 settembre 2018 &ndash; 27 gennaio 2019), per sostenere il progetto &ldquo;Slowdown Santa Sofia&rdquo; della&nbsp;Fondazione Vite Vere Down D.A.D.I. Tale progetto, che consiste nella realizzazione di una struttura turistica in pieno centro storico, su due piani con [&hellip;]<\/p>\n","protected":false},"author":4,"featured_media":1222,"comment_status":"closed","ping_status":"closed","sticky":false,"template":"","format":"standard","meta":{"advgb_blocks_editor_width":"","advgb_blocks_columns_visual_guide":"","footnotes":""},"categories":[18],"tags":[],"class_list":["post-1224","post","type-post","status-publish","format-standard","has-post-thumbnail","hentry","category-pagine_di_articoli"],"author_meta":{"display_name":"NoName","author_link":"https:\/\/www.scienzaegoverno.org\/?author=4"},"featured_img":"https:\/\/www.scienzaegoverno.org\/wp-content\/uploads\/2019\/01\/OPV-Marco-Angius-300x199.jpg","coauthors":[],"tax_additional":{"categories":{"linked":["<a href=\"https:\/\/www.scienzaegoverno.org\/?cat=18\" class=\"advgb-post-tax-term\">Pagine di articoli<\/a>"],"unlinked":["<span class=\"advgb-post-tax-term\">Pagine di articoli<\/span>"]}},"comment_count":"0","relative_dates":{"created":"Pubblicato 7 anni fa","modified":"Aggiornato 3 anni fa"},"absolute_dates":{"created":"Pubblicato il 09\/01\/2019","modified":"Aggiornato il 13\/09\/2023"},"absolute_dates_time":{"created":"Pubblicato il 09\/01\/2019 10:13","modified":"Aggiornato il 13\/09\/2023 17:12"},"featured_img_caption":"OPV e Marco Angius","series_order":"","_links":{"self":[{"href":"https:\/\/www.scienzaegoverno.org\/index.php?rest_route=\/wp\/v2\/posts\/1224","targetHints":{"allow":["GET"]}}],"collection":[{"href":"https:\/\/www.scienzaegoverno.org\/index.php?rest_route=\/wp\/v2\/posts"}],"about":[{"href":"https:\/\/www.scienzaegoverno.org\/index.php?rest_route=\/wp\/v2\/types\/post"}],"author":[{"embeddable":true,"href":"https:\/\/www.scienzaegoverno.org\/index.php?rest_route=\/wp\/v2\/users\/4"}],"replies":[{"embeddable":true,"href":"https:\/\/www.scienzaegoverno.org\/index.php?rest_route=%2Fwp%2Fv2%2Fcomments&post=1224"}],"version-history":[{"count":1,"href":"https:\/\/www.scienzaegoverno.org\/index.php?rest_route=\/wp\/v2\/posts\/1224\/revisions"}],"predecessor-version":[{"id":13802,"href":"https:\/\/www.scienzaegoverno.org\/index.php?rest_route=\/wp\/v2\/posts\/1224\/revisions\/13802"}],"wp:featuredmedia":[{"embeddable":true,"href":"https:\/\/www.scienzaegoverno.org\/index.php?rest_route=\/wp\/v2\/media\/1222"}],"wp:attachment":[{"href":"https:\/\/www.scienzaegoverno.org\/index.php?rest_route=%2Fwp%2Fv2%2Fmedia&parent=1224"}],"wp:term":[{"taxonomy":"category","embeddable":true,"href":"https:\/\/www.scienzaegoverno.org\/index.php?rest_route=%2Fwp%2Fv2%2Fcategories&post=1224"},{"taxonomy":"post_tag","embeddable":true,"href":"https:\/\/www.scienzaegoverno.org\/index.php?rest_route=%2Fwp%2Fv2%2Ftags&post=1224"}],"curies":[{"name":"wp","href":"https:\/\/api.w.org\/{rel}","templated":true}]}}