{"id":1137,"date":"2018-05-29T13:47:19","date_gmt":"2018-05-29T13:47:19","guid":{"rendered":"https:\/\/scienzaegoverno.org\/book\/oikos-la-pittura-ecologica-arreda-la-biennale\/"},"modified":"2023-09-13T17:11:57","modified_gmt":"2023-09-13T15:11:57","slug":"oikos-la-pittura-ecologica-arreda-la-biennale","status":"publish","type":"post","link":"https:\/\/www.scienzaegoverno.org\/?p=1137","title":{"rendered":"*Oikos- la pittura ecologica arreda la biennale"},"content":{"rendered":"<p>In occasione della&nbsp;Biennale Architettura&nbsp;2018 appena inaugurata,&nbsp;OIKOS&nbsp;presenta gli ultimi importanti traguardi dell&#39;azienda volti a salvaguardare il benessere e la salute delle persone, raggiunti attraverso un processo di ricerca e innovazione continuativo.<\/p>\n<p>E&#39; presente in diversi progetti, tra cui, all&#39;interno del progetto di riqualificazione delle strutture dell&#39;isola di San Servolo&nbsp;realizzato insieme all&#39;Arch. Giallombardo, curatore di&nbsp;VID (Venice Innovation Design).<\/p>\n<p><u>Sviluppo&nbsp; sostenibile&nbsp; come&nbsp; sintesi&nbsp; fra&nbsp; identit\u00e0&nbsp;&nbsp;&nbsp; e&nbsp; innovazione:&nbsp; Oikos&nbsp; all&#39;Architects&nbsp; Meet&nbsp; in&nbsp; Fuoribiennale.<\/u><\/p>\n<p>L&#39;Architects&nbsp; meet&nbsp; in&nbsp; Fuoribiennale&nbsp; arriva&nbsp; alla&nbsp; quinta&nbsp; edizione.&nbsp; L&#39;evento&nbsp; di&nbsp; quest&#39;anno,&nbsp; organizzato&nbsp; dall&#39;AIAC,&nbsp; Associazione&nbsp; Italiana&nbsp; di&nbsp; Architettura&nbsp;&nbsp;&nbsp; e&nbsp; Critica,&nbsp; si&nbsp; intitola&nbsp; Identities&nbsp; for&nbsp; a&nbsp; changing&nbsp; world.&nbsp; La&nbsp; manifestazione&nbsp; avr\u00e0&nbsp; luogo&nbsp; presso&nbsp; palazzo&nbsp; Widmann&nbsp; a&nbsp; Venezia,&nbsp; il&nbsp; 25&nbsp; e&nbsp; 26&nbsp; maggio,&nbsp; in&nbsp; concomitanza&nbsp; con&nbsp; i&nbsp; giorni&nbsp; di&nbsp; inaugurazione&nbsp; della&nbsp; Biennale.&nbsp; Questa&nbsp; edizione&nbsp; si&nbsp; propone&nbsp; di&nbsp; indagare&nbsp; le&nbsp; reazioni&nbsp; del&nbsp; mondo&nbsp; dell&#39;architettura&nbsp; ai&nbsp; cambiamenti&nbsp; culturali&nbsp; che&nbsp; minacciano&nbsp; l&#39;identit\u00e0&nbsp; ereditata&nbsp; dalla&nbsp; tradizione.&nbsp; In&nbsp; particolare,&nbsp; la&nbsp; prima&nbsp; giornata&nbsp; sar\u00e0&nbsp; dedicata&nbsp; alla&nbsp; cultura&nbsp; dei&nbsp; concorsi,&nbsp; mettendo&nbsp; a&nbsp; confronto&nbsp; la&nbsp; situazione&nbsp; italiana&nbsp; con&nbsp; quella&nbsp; europea.&nbsp; Il&nbsp; secondo&nbsp; giorno,&nbsp; invece,&nbsp; metter\u00e0&nbsp; a&nbsp; fuoco&nbsp; le&nbsp; novit\u00e0&nbsp; pi\u00f9&nbsp; interessanti&nbsp; provenienti&nbsp; dalla&nbsp; Cina.&nbsp; Claudio&nbsp; Balestri,&nbsp; presidente&nbsp; di&nbsp; Oikos,&nbsp; interverr\u00e0&nbsp; il&nbsp; 26&nbsp; maggio,&nbsp; per&nbsp; raccontare&nbsp; come&nbsp; sia&nbsp; possibile&nbsp; rimanere&nbsp; ancorati&nbsp; alla&nbsp; tradizione&nbsp; e&nbsp; allo&nbsp; stesso&nbsp; tempo&nbsp; fare&nbsp; innovazione.&nbsp; La&nbsp; storia&nbsp; di&nbsp; Oikos&nbsp; \u00e8 &nbsp;un&nbsp; esempio&nbsp; di&nbsp; come&nbsp; questo&nbsp; tentativo&nbsp; sia&nbsp; riuscito.&nbsp; Oikos&nbsp; nasce&nbsp; nel&nbsp; 1984&nbsp; con&nbsp; l&#39;obiettivo&nbsp; di&nbsp; trasformare&nbsp; le&nbsp; vernici&nbsp; tradizionali&nbsp; in&nbsp; pittura,&nbsp; materia,&nbsp; ecologia.&nbsp; Pitture&nbsp; e&nbsp; materie&nbsp; senza&nbsp; formaldeide,&nbsp; nel&nbsp; massimo&nbsp; rispetto&nbsp; dell&#39;ambiente.&nbsp;&nbsp;&nbsp; Oikos&nbsp; ha&nbsp; introdotto&nbsp; modelli&nbsp; di&nbsp; business&nbsp; ecologici,&nbsp; espressione&nbsp; della&nbsp; tradizione&nbsp; culturale&nbsp; italiana&nbsp; e&nbsp; dell&#39;artigianato,&nbsp; riscoprendo&nbsp; mestieri&nbsp; antichi,&nbsp; come&nbsp; quello&nbsp; del&nbsp; decoratore.&nbsp; Un&#39;azienda&nbsp; 100%&nbsp; made&nbsp; in&nbsp; Italy,&nbsp; ancorata&nbsp; ai &nbsp;valori&nbsp; del&nbsp; passato&nbsp; e&nbsp; proiettata&nbsp; verso&nbsp; il&nbsp; futuro&nbsp; nel&nbsp; segno&nbsp; della&nbsp; sostenibilit\u00e0&nbsp; ambientale.&nbsp;<\/p>\n<p><img loading=\"lazy\" decoding=\"async\" class=\" size-full wp-image-1131\" alt=\"\" src=\"https:\/\/scienzaegoverno.org\/wp-content\/uploads\/2018\/05\/oikos-1.jpg\" style=\"width: 178px; height: 178px;\" width=\"178\" height=\"178\" srcset=\"https:\/\/www.scienzaegoverno.org\/wp-content\/uploads\/2018\/05\/oikos-1.jpg 178w, https:\/\/www.scienzaegoverno.org\/wp-content\/uploads\/2018\/05\/oikos-1-150x150.jpg 150w\" sizes=\"auto, (max-width: 178px) 100vw, 178px\" \/>&nbsp; &nbsp;&nbsp;<img loading=\"lazy\" decoding=\"async\" class=\" size-full wp-image-1132\" alt=\"\" src=\"https:\/\/scienzaegoverno.org\/wp-content\/uploads\/2018\/05\/oikos-2.jpg\" style=\"width: 178px; height: 178px;\" width=\"178\" height=\"178\" srcset=\"https:\/\/www.scienzaegoverno.org\/wp-content\/uploads\/2018\/05\/oikos-2.jpg 178w, https:\/\/www.scienzaegoverno.org\/wp-content\/uploads\/2018\/05\/oikos-2-150x150.jpg 150w\" sizes=\"auto, (max-width: 178px) 100vw, 178px\" \/><\/p>\n<p><u>Il Bianco Oikos a Mediterranei&nbsp; Invisibili<\/u><\/p>\n<p>Il&nbsp; direttore&nbsp; editoriale&nbsp; Roberta&nbsp; Busnelli&nbsp; e&nbsp; il&nbsp; guest&nbsp; director&nbsp; Alfonso&nbsp; Femia,&nbsp; presenteranno&nbsp; l&rsquo;edizione&nbsp; speciale&nbsp; del&nbsp; numero&nbsp; 50&nbsp; di&nbsp; IQD,&nbsp; MEDITERRANEI&nbsp; INVISIBILI,&nbsp; che&nbsp; avr\u00e0&nbsp; al&nbsp; suo&nbsp; interno&nbsp; un&nbsp; articolo&nbsp; dedicato&nbsp; al&nbsp; Bianco&nbsp; Mediterrano&nbsp; by&nbsp; Oikos.&nbsp;&nbsp;&nbsp; Mediterranei&nbsp; Invisibili&nbsp; tratter\u00e0&nbsp; il&nbsp; tema&nbsp; della&nbsp; storia&nbsp; del&nbsp; bianco&nbsp; nelle&nbsp; citt\u00e0&nbsp;&nbsp;&nbsp; che&nbsp; si&nbsp; affacciano&nbsp; sul&nbsp; bacino&nbsp; del&nbsp; Mediterraneo.&nbsp; Storie&nbsp; di&nbsp; luoghi,&nbsp; tradizioni&nbsp; architettoniche&nbsp; e&nbsp; innovazioni&nbsp; stilistiche. Considerato&nbsp; comunemente&nbsp; il&nbsp; colore&nbsp; dell&#39;innocenza,&nbsp; della&nbsp; purezza&nbsp;&nbsp;&nbsp; e&nbsp; del&nbsp; pensiero&nbsp; creativo,&nbsp; il&nbsp; bianco&nbsp; \u00e8&nbsp; una&nbsp; delle&nbsp; tonalit\u00e0&nbsp; pi\u00f9&nbsp; complesse&nbsp;&nbsp;&nbsp; che&nbsp; esistano. L&#39;uso&nbsp; del&nbsp; bianco&nbsp; nella&nbsp; tradizione&nbsp; urbanistica&nbsp; mediterranea&nbsp; \u00e8&nbsp; il&nbsp; frutto&nbsp;&nbsp;&nbsp; di&nbsp; sperimentazionie&nbsp; di&nbsp; un&nbsp; sapiente&nbsp; uso&nbsp; e&nbsp; ri-uso&nbsp; di&nbsp; materiali&nbsp; che&nbsp; oggi&nbsp; distinguono&nbsp; uno&nbsp; stile&nbsp; architettonico&nbsp; ben&nbsp; preciso,&nbsp; garantendo&nbsp; il&nbsp; benessere&nbsp; negli&nbsp; ambienti&nbsp; in&nbsp; cui&nbsp; viviamo.&nbsp; Infatti,&nbsp; il&nbsp; bianco&nbsp; riflette&nbsp; i&nbsp; raggi&nbsp; solari,&nbsp; assicurando&nbsp; igiene&nbsp; e&nbsp; luminosit\u00e0.&nbsp; Ma&nbsp; non&nbsp; solo.&nbsp; Il&nbsp; bianco&nbsp; rende&nbsp; la&nbsp; giusta&nbsp; percezione&nbsp; degli&nbsp; spazi&nbsp; e&nbsp; delle&nbsp; forme,&nbsp; esaltando&nbsp; anche&nbsp; il&nbsp; vissuto.&nbsp; Un&#39;architettura&nbsp; bianca,&nbsp; cio\u00e8,&nbsp; porta&nbsp; con&nbsp; s\u00e9&nbsp; tutti&nbsp; i&nbsp; contenuti&nbsp; culturali&nbsp;&nbsp;&nbsp; e&nbsp; le&nbsp; suggestioni&nbsp; legate&nbsp; a&nbsp; questo&nbsp; colore.&nbsp;&nbsp;&nbsp; Questo&nbsp; \u00e8&nbsp; il&nbsp; filone&nbsp; d&#39;indagine&nbsp; del&nbsp; numero&nbsp; speciale&nbsp; di&nbsp; IQD,&nbsp; all&#39;interno&nbsp; del&nbsp; quale&nbsp; si&nbsp; inserisce&nbsp; anche&nbsp; il&nbsp; Bianco&nbsp; Mediterraneo&nbsp; by&nbsp; Oikos. Il&nbsp; Bianco&nbsp; Mediterraneo&nbsp; by&nbsp; Oikos&nbsp; \u00e8&nbsp; caratterizzato&nbsp; dalla&nbsp; capacit\u00e0&nbsp; di&nbsp; legarsi&nbsp; intimamente&nbsp; con&nbsp; il&nbsp; supporto,&nbsp; mantenendo&nbsp; la&nbsp; traspirazione&nbsp; della&nbsp; struttura&nbsp; muraria.&nbsp; Inoltre,&nbsp; conferisce&nbsp; alle&nbsp; superfici&nbsp; esterne&nbsp; effetti&nbsp; estetici&nbsp; morbidi,&nbsp;&nbsp;&nbsp; in&nbsp; grado&nbsp; di&nbsp; ricreare&nbsp; un&nbsp; particolare&nbsp; effetto&nbsp; antico.&nbsp; Oikos&nbsp; nasce&nbsp; nel&nbsp; 1984&nbsp; con&nbsp; l&#39;obiettivo&nbsp; di&nbsp; trasformare&nbsp; le&nbsp; vernici&nbsp; tradizionali&nbsp;&nbsp;&nbsp; in&nbsp; pittura,&nbsp; materia,&nbsp; ecologia.&nbsp; Pitture&nbsp; e&nbsp; materie&nbsp; senza&nbsp; formaldeide,&nbsp; per&nbsp; arredare&nbsp; tutte&nbsp; le&nbsp; superfici&nbsp; nel&nbsp; massimo&nbsp; rispetto&nbsp; dell&#39;ambiente.&nbsp; Oikos&nbsp; ricerca&nbsp; prodotti&nbsp; innovativi&nbsp; e&nbsp; a&nbsp; tutela&nbsp; della&nbsp; salute,&nbsp; per&nbsp; garantire&nbsp; il&nbsp; massimo&nbsp; benessere&nbsp; negli&nbsp; ambienti&nbsp; in&nbsp; cui&nbsp; viviamo.<\/p>\n<p><img loading=\"lazy\" decoding=\"async\" class=\" size-full wp-image-1133\" alt=\"\" src=\"https:\/\/scienzaegoverno.org\/wp-content\/uploads\/2018\/05\/oikos-3.jpg\" style=\"width: 178px; height: 178px;\" width=\"178\" height=\"178\" srcset=\"https:\/\/www.scienzaegoverno.org\/wp-content\/uploads\/2018\/05\/oikos-3.jpg 178w, https:\/\/www.scienzaegoverno.org\/wp-content\/uploads\/2018\/05\/oikos-3-150x150.jpg 150w\" sizes=\"auto, (max-width: 178px) 100vw, 178px\" \/><\/p>\n<p>&nbsp;<\/p>\n<p><u>Oikos sar\u00e0 ospite del Venice Innovation Design di San Servolo durante&nbsp; la Biennale.<\/u><\/p>\n<p>Il Venice&nbsp; Innovation Design \u00e8 un evento nel quale vengono chiamate a raccolta le eccellenze del design made in&nbsp; Italy,&nbsp; affinch\u00e8 mostrino&nbsp; le proprie novit\u00e0 e raccontino&nbsp; i&nbsp; loro progetti&nbsp; per&nbsp; il&nbsp; futuro.&nbsp; Le aziende partecipanti avranno&nbsp; la possibilit\u00e0 di&nbsp; salire sul&nbsp; palco e di&nbsp; mostrare al&nbsp; pubblico&nbsp; la pregevolezza dei loro prodotti di punta.&nbsp; Il Venice&nbsp; Innovation Design,&nbsp; infatti, nasce con&nbsp; l&#39;obiettivo di&nbsp; creare un momento di&nbsp; confronto e di&nbsp; scambio&nbsp; fra aziende accomunate dalla passione per&nbsp; la ricerca,&nbsp; l&#39;innovazione e&nbsp; il&nbsp; design. &nbsp;Gli organizzatori,&nbsp; mettendo a disposizione i propri spazi polifunzionali ed il parco, daranno ad ogni azienda la possibilit\u00e0 di&nbsp; realizzare un progetto permanente sull&#39;isola di San Servolo.&nbsp; I&nbsp; settori di intervento riguardano i classici ambiti del design:&nbsp; arredamento,&nbsp; illuminazione oggettistica,&nbsp; multimedialit\u00e0,&nbsp; allestimenti e arredi d&#39;esterno. In accordo con il tema2018 della Biennale di Venezia,&nbsp; &quot;Freespace&quot;, che mette al centro il rapporto tra spazio e materia,&nbsp; Oikos parteciper\u00e0 all&#39;evento presentando&nbsp; il&nbsp; suo progetto pi\u00f9&nbsp; importante:&nbsp; White&nbsp; il&nbsp; bianco. Infatti,&nbsp; Claudio Balestri,&nbsp; presidente di Oikos,&nbsp; presenter\u00e0 i&nbsp; risultati delle ricerche sulla pittura&nbsp;materica,&nbsp; che hanno portato alla realizzazione di 187 diverse sfumature di&nbsp; bianco,&nbsp; ecologiche e senza&nbsp; formaldeide. Inoltre,&nbsp; Oikos presenter\u00e0 il progetto&nbsp; realizzato insieme all&#39;Arch. &nbsp;Giallombardo,&nbsp; curatore dell&#39;evento.&nbsp; Tale progetto consiste nel riallestimento di alcuni spazi interni delle strutture dell&#39;isola di San Servolo,al&nbsp; fine di&nbsp; riqualificare&nbsp; la zona e&nbsp; le aree espositive della manica&nbsp; lunga. Il principio che ha guidato questo lavoro \u00e8 stato quello del&nbsp; colore,&nbsp; con riferimenti cromatici ispirat all&#39;ambiente in cui l&#39;isola \u00e8 immersa.&nbsp; Infatti, sulla base degli&nbsp; studi&nbsp; sul&nbsp; rapporto&nbsp; fra bianco e materia realizzati&nbsp; da Oikos ,si&nbsp; \u00e8 avviata un&#39;indagine sulle caratteristiche delle superfici&nbsp; e dei&nbsp; materiali pi\u00f9 diffusi a Venezia.&nbsp; In particolare,&nbsp; l&#39;analisi si \u00e8 soffermata sulla superficie della pietra d&#39;Istria,&nbsp; sull&#39;intonaco dicalce e il pavimento alla veneziana. Il tutto \u00e8 sfociato nella&nbsp; realizzazione di texture per&nbsp; pitture decorative su pannelli,&nbsp; &nbsp;esposte come in una mostra. Il Venice&nbsp; Innovation Design,&nbsp; un&#39;occasione imperdibile per&nbsp; il prestigio e la visibilit\u00e0 internazionale che porta con s\u00e9,&nbsp; \u00e8 il posto ideale dove raccontare i risultati di oltre trent&#39;anni di ricerca:&nbsp; le pitture ecologiche per tutte le superfici&nbsp; della casadi&nbsp; Oikos&nbsp; .&nbsp; Un&nbsp; lavoro che \u00e8 riuscito a coniugare&nbsp; lo spazio e la materia in chiave originale e in modo naturale,&nbsp; al&nbsp; fine di tutelare la salute e&nbsp; il&nbsp; benessere all&#39;interno dello spazio domestico.<\/p>\n<p>&nbsp; &nbsp;<img loading=\"lazy\" decoding=\"async\" class=\" size-full wp-image-1134\" alt=\"\" src=\"https:\/\/scienzaegoverno.org\/wp-content\/uploads\/2018\/05\/oikos-4.jpg\" style=\"width: 178px; height: 178px;\" width=\"178\" height=\"178\" srcset=\"https:\/\/www.scienzaegoverno.org\/wp-content\/uploads\/2018\/05\/oikos-4.jpg 178w, https:\/\/www.scienzaegoverno.org\/wp-content\/uploads\/2018\/05\/oikos-4-150x150.jpg 150w\" sizes=\"auto, (max-width: 178px) 100vw, 178px\" \/>&nbsp; &nbsp; &nbsp;<img loading=\"lazy\" decoding=\"async\" class=\" size-full wp-image-1135\" alt=\"\" src=\"https:\/\/scienzaegoverno.org\/wp-content\/uploads\/2018\/05\/oikos-5.jpg\" style=\"width: 178px; height: 178px;\" width=\"178\" height=\"178\" srcset=\"https:\/\/www.scienzaegoverno.org\/wp-content\/uploads\/2018\/05\/oikos-5.jpg 178w, https:\/\/www.scienzaegoverno.org\/wp-content\/uploads\/2018\/05\/oikos-5-150x150.jpg 150w\" sizes=\"auto, (max-width: 178px) 100vw, 178px\" \/><\/p>\n<hr \/>\n<p><em><strong>Oikos<\/strong>&nbsp; \u00e8&nbsp; un&rsquo;azienda&nbsp; italiana&nbsp; fondata&nbsp; nel&nbsp; 1984&nbsp; con&nbsp; l&rsquo;intento&nbsp; rivoluzionario&nbsp; di&nbsp; sostituire&nbsp; le&nbsp; vernici&nbsp; tradizionali&nbsp; dannose&nbsp; con&nbsp; pitture&nbsp; e&nbsp; materie&nbsp; prive&nbsp; di&nbsp; sostanze&nbsp; nocive&nbsp; a&nbsp; tutela&nbsp; della&nbsp; salute&nbsp; dell&rsquo;uomo&nbsp; e&nbsp; dell&rsquo;ambiente.&nbsp; Attraverso&nbsp; un&nbsp; processo&nbsp; di&nbsp; ricerca&nbsp; e&nbsp; innovazione&nbsp; continuativo,&nbsp; oggi,&nbsp; Oikos&nbsp; \u00e8&nbsp; orgogliosa&nbsp; di&nbsp; dichiarare&nbsp; di&nbsp; essere&nbsp; la&nbsp; prima&nbsp; azienda&nbsp; al&nbsp; mondo&nbsp; a&nbsp; produrre&nbsp; pitturesenza&nbsp; formaldeide,&nbsp; senza&nbsp; sostanze&nbsp; nocive&nbsp; garantendo&nbsp; aria&nbsp; sana&nbsp; all&rsquo;interno&nbsp; di&nbsp; tutti&nbsp; gli&nbsp; ambienti.&nbsp; Una&nbsp; gamma&nbsp; di&nbsp; prodotti&nbsp; attenta&nbsp; alla&nbsp; salute,&nbsp; ma&nbsp; anche&nbsp; un&rsquo;opportunit\u00e0&nbsp; per&nbsp; poter&nbsp; arredare&nbsp; e&nbsp; valorizzare&nbsp; le&nbsp; pareti.Posizionandosi&nbsp; come&nbsp; &ldquo;industria&nbsp; consapevole&rdquo;,&nbsp; senza&nbsp; rinunciare&nbsp; al&nbsp; business,&nbsp; Oikos&nbsp; ha&nbsp; creato&nbsp; un&nbsp; forte&nbsp; legame&nbsp; fra&nbsp; la&nbsp; produzione&nbsp; industriale&nbsp; e&nbsp; la&nbsp; dimensione&nbsp; artigiana&nbsp; nella&nbsp; totale&nbsp; sostenibilit\u00e0&nbsp; dell&rsquo;intera&nbsp; filiera,&nbsp; da&nbsp; un&nbsp; prodotto&nbsp; in&nbsp; barattolo&nbsp; ad&nbsp; una&nbsp; proposta&nbsp; di&nbsp; arredo&nbsp; per&nbsp; la&nbsp; parete,&nbsp; anche&nbsp; su&nbsp; misura.&nbsp; Un&nbsp; risultato&nbsp; riconosciuto&nbsp; e&nbsp; premiato&nbsp; a&nbsp; livello&nbsp; nazionale&nbsp; e&nbsp; internazionale,&nbsp; nel&nbsp; 2017&nbsp; ha&nbsp; ricevuto&nbsp; il&nbsp; &ldquo;Premio&nbsp; Imprese&nbsp; per&nbsp; Innovazione&rdquo;&nbsp; grazie&nbsp; al&nbsp; progetto&nbsp; White.&nbsp; Il&nbsp; Bianco,&nbsp; che&nbsp; si&nbsp; aggiunge&nbsp; ai&nbsp; tanti&nbsp; riconoscimenti&nbsp; ricevuti&nbsp; negli&nbsp; anni&nbsp; per&nbsp; l&rsquo;impegno&nbsp; nel&nbsp; settore&nbsp; R&amp;D.&nbsp; Tra&nbsp; questi,&nbsp; per&nbsp; citare&nbsp; i&nbsp; pi\u00f9&nbsp; significativi:&nbsp; il&nbsp; Premio&nbsp; per&nbsp; l&rsquo;Innovazione&nbsp; &ldquo;Andrea&nbsp; Pininfarina&rdquo;&nbsp; (2014),&nbsp; la&nbsp; menzione&nbsp; d&rsquo;onore&nbsp; del&nbsp; Gran&nbsp; Design&nbsp; Etico&nbsp; International&nbsp; Award&nbsp; (2014),&nbsp; il&nbsp; Premio&nbsp; 100&nbsp; Eccellenze&nbsp; Italiane&nbsp; (2015),&nbsp; l&rsquo;Adi&nbsp; Design&nbsp; Index&nbsp; (2015),&nbsp; il&nbsp; premio&nbsp; nella&nbsp; categoria&nbsp; Innovative&nbsp; Product&nbsp; Design&nbsp; della&nbsp; SBID&nbsp; (Society&nbsp; of&nbsp; British&nbsp; and&nbsp; International&nbsp; Design)&nbsp; di&nbsp; Londra&nbsp; (2016).Oggi,&nbsp; Oikos,&nbsp; con&nbsp; 170&nbsp; dipendenti&nbsp; diretti&nbsp; e&nbsp; tante&nbsp; collaborazioni&nbsp; indirette&nbsp; in&nbsp; oltre&nbsp; 50&nbsp; Paesi&nbsp; nel&nbsp; mondo,&nbsp; rappresenta&nbsp; il&nbsp; punto&nbsp; di&nbsp; riferimento&nbsp; del&nbsp; settore&nbsp; per&nbsp; avere&nbsp; superfici&nbsp; d&rsquo;eccellenza&nbsp; Made&nbsp; in&nbsp; Italy,&nbsp; nel&nbsp; totale&nbsp; benessere.<\/em><\/p>\n<p><img loading=\"lazy\" decoding=\"async\" class=\" size-full wp-image-1136\" alt=\"\" src=\"https:\/\/scienzaegoverno.org\/wp-content\/uploads\/2018\/05\/oikos6.jpg\" style=\"width: 178px; height: 178px;\" width=\"178\" height=\"178\" srcset=\"https:\/\/www.scienzaegoverno.org\/wp-content\/uploads\/2018\/05\/oikos6.jpg 178w, https:\/\/www.scienzaegoverno.org\/wp-content\/uploads\/2018\/05\/oikos6-150x150.jpg 150w\" sizes=\"auto, (max-width: 178px) 100vw, 178px\" \/><\/p>\n<p>&nbsp;<\/p>\n<p>&nbsp;<\/p>\n<p>&nbsp;<\/p>\n<p>&nbsp;<\/p>\n<p>&nbsp;<\/p>\n","protected":false},"excerpt":{"rendered":"<p>In occasione della&nbsp;Biennale Architettura&nbsp;2018 appena inaugurata,&nbsp;OIKOS&nbsp;presenta gli ultimi importanti traguardi dell&#39;azienda volti a salvaguardare il benessere e la salute delle persone, raggiunti attraverso un processo di ricerca e innovazione continuativo. E&#39; presente in diversi progetti, tra cui, all&#39;interno del progetto di riqualificazione delle strutture dell&#39;isola di San Servolo&nbsp;realizzato insieme all&#39;Arch. Giallombardo, curatore di&nbsp;VID (Venice Innovation [&hellip;]<\/p>\n","protected":false},"author":4,"featured_media":1131,"comment_status":"closed","ping_status":"closed","sticky":false,"template":"","format":"standard","meta":{"advgb_blocks_editor_width":"","advgb_blocks_columns_visual_guide":"","footnotes":""},"categories":[18],"tags":[],"class_list":["post-1137","post","type-post","status-publish","format-standard","has-post-thumbnail","hentry","category-pagine_di_articoli"],"author_meta":{"display_name":"NoName","author_link":"https:\/\/www.scienzaegoverno.org\/?author=4"},"featured_img":"https:\/\/www.scienzaegoverno.org\/wp-content\/uploads\/2018\/05\/oikos-1.jpg","coauthors":[],"tax_additional":{"categories":{"linked":["<a href=\"https:\/\/www.scienzaegoverno.org\/?cat=18\" class=\"advgb-post-tax-term\">Pagine di articoli<\/a>"],"unlinked":["<span class=\"advgb-post-tax-term\">Pagine di articoli<\/span>"]}},"comment_count":"0","relative_dates":{"created":"Pubblicato 8 anni fa","modified":"Aggiornato 3 anni fa"},"absolute_dates":{"created":"Pubblicato il 29\/05\/2018","modified":"Aggiornato il 13\/09\/2023"},"absolute_dates_time":{"created":"Pubblicato il 29\/05\/2018 13:47","modified":"Aggiornato il 13\/09\/2023 17:11"},"featured_img_caption":"","series_order":"","_links":{"self":[{"href":"https:\/\/www.scienzaegoverno.org\/index.php?rest_route=\/wp\/v2\/posts\/1137","targetHints":{"allow":["GET"]}}],"collection":[{"href":"https:\/\/www.scienzaegoverno.org\/index.php?rest_route=\/wp\/v2\/posts"}],"about":[{"href":"https:\/\/www.scienzaegoverno.org\/index.php?rest_route=\/wp\/v2\/types\/post"}],"author":[{"embeddable":true,"href":"https:\/\/www.scienzaegoverno.org\/index.php?rest_route=\/wp\/v2\/users\/4"}],"replies":[{"embeddable":true,"href":"https:\/\/www.scienzaegoverno.org\/index.php?rest_route=%2Fwp%2Fv2%2Fcomments&post=1137"}],"version-history":[{"count":1,"href":"https:\/\/www.scienzaegoverno.org\/index.php?rest_route=\/wp\/v2\/posts\/1137\/revisions"}],"predecessor-version":[{"id":13754,"href":"https:\/\/www.scienzaegoverno.org\/index.php?rest_route=\/wp\/v2\/posts\/1137\/revisions\/13754"}],"wp:featuredmedia":[{"embeddable":true,"href":"https:\/\/www.scienzaegoverno.org\/index.php?rest_route=\/wp\/v2\/media\/1131"}],"wp:attachment":[{"href":"https:\/\/www.scienzaegoverno.org\/index.php?rest_route=%2Fwp%2Fv2%2Fmedia&parent=1137"}],"wp:term":[{"taxonomy":"category","embeddable":true,"href":"https:\/\/www.scienzaegoverno.org\/index.php?rest_route=%2Fwp%2Fv2%2Fcategories&post=1137"},{"taxonomy":"post_tag","embeddable":true,"href":"https:\/\/www.scienzaegoverno.org\/index.php?rest_route=%2Fwp%2Fv2%2Ftags&post=1137"}],"curies":[{"name":"wp","href":"https:\/\/api.w.org\/{rel}","templated":true}]}}