{"id":1055,"date":"2018-01-11T11:42:37","date_gmt":"2018-01-11T11:42:37","guid":{"rendered":"https:\/\/scienzaegoverno.org\/book\/lo-studio-stefano-boeri-architetti-ha-progettato-la-trudo-vertical-forest-eindhoven\/"},"modified":"2023-09-13T17:11:38","modified_gmt":"2023-09-13T15:11:38","slug":"lo-studio-stefano-boeri-architetti-ha-progettato-la-trudo-vertical-forest-eindhoven","status":"publish","type":"post","link":"https:\/\/www.scienzaegoverno.org\/?p=1055","title":{"rendered":"Lo Studio Stefano Boeri Architetti ha progettato la Trudo Vertical Forest a Eindhoven"},"content":{"rendered":"<p>&nbsp;<\/p>\n<hr \/>\n<p>La Trudo Vertical Forest progettata dallo&nbsp; Studio Stefano Boeri Architetti sar\u00e0 il primo Bosco Verticale destinato al social housing&nbsp; e dunque rivolto a un&rsquo;utenza popolare.<\/p>\n<p>&ldquo;Il grattacielo di Eindhoven (Olanda), conferma la possibilit\u00e0 di unire le grandi sfide del cambiamento climatico con quelle del disagio abitativo.&nbsp;La forestazione urbana non \u00e8 solo una necessit\u00e0 per migliorare l&#39;ambiente delle citt\u00e0 nel mondo, ma l&rsquo;occasione per migliorare le condizioni di vita dei cittadini meno abbienti&quot; dichiara Stefano Boeri.<\/p>\n<p>L&rsquo;edificio \u00e8 stato fortemente voluto dal committente Sint-Trudo e dar\u00e0 spazio a 125 unit\u00e0 abitative adibite a social housing: 19 piani di appartamenti con affitto calmierato, che godranno della presenza sui balconi di centinaia di alberi e piante delle specie pi\u00f9 varie.<\/p>\n<hr \/>\n<p><wbr><wbr><\/wbr><\/wbr><\/p>\n<p><wbr><wbr><\/p>\n<p><wbr><wbr><\/wbr><\/wbr><\/p>\n<p><wbr><wbr><\/p>\n<p><wbr><wbr><\/wbr><\/wbr><\/p>\n<p><wbr><wbr><wbr><wbr><\/p>\n<p><wbr><wbr><\/wbr><\/wbr><\/p>\n<p><wbr><wbr><wbr><wbr><wbr><wbr><\/p>\n<p><wbr><wbr><\/wbr><\/wbr><\/p>\n<p><wbr><wbr><wbr><wbr><wbr><wbr><wbr><wbr><\/p>\n<p><wbr><wbr><\/wbr><\/wbr><\/p>\n<p><wbr><wbr><wbr><wbr><wbr><wbr><wbr><wbr><wbr><wbr><\/p>\n<p><wbr><wbr><\/wbr><\/wbr><\/p>\n<p><wbr><wbr><wbr><wbr><wbr><wbr><wbr><wbr><wbr><wbr><wbr><wbr><\/p>\n<p><wbr><wbr><\/wbr><\/wbr><\/p>\n<p><wbr><wbr><wbr><wbr><wbr><wbr><wbr><wbr><wbr><wbr><wbr><wbr><wbr><wbr><\/p>\n<p><wbr><wbr><\/wbr><\/wbr><\/p>\n<p><wbr><wbr><wbr><wbr><wbr><wbr><wbr><wbr><wbr><wbr><wbr><wbr><wbr><wbr><wbr><wbr><\/p>\n<p><wbr><wbr><\/wbr><\/wbr><\/p>\n<p><wbr><wbr><wbr><wbr><wbr><wbr><wbr><wbr><wbr><wbr><wbr><wbr><wbr><wbr><wbr><wbr><wbr><wbr><\/p>\n<p><wbr><wbr><\/wbr><\/wbr><\/p>\n<p><wbr><wbr><wbr><wbr><wbr><wbr><wbr><wbr><wbr><wbr><wbr><wbr><wbr><wbr><wbr><wbr><wbr><wbr><wbr><wbr><\/p>\n<p><wbr><wbr><\/wbr><\/wbr><\/p>\n<p><wbr><wbr><wbr><wbr><wbr><wbr><wbr><wbr><wbr><wbr><wbr><wbr><wbr><wbr><wbr><wbr><wbr><wbr><wbr><wbr><wbr><wbr><\/p>\n<p><wbr><wbr><\/wbr><\/wbr><\/p>\n<p><wbr><wbr><wbr><wbr><wbr><wbr><wbr><wbr><wbr><wbr><wbr><wbr><wbr><wbr><wbr><wbr><wbr><wbr><wbr><wbr><wbr><wbr><wbr><wbr><\/p>\n<p><wbr><wbr><\/wbr><\/wbr><\/p>\n<p><wbr><wbr><wbr><wbr><wbr><wbr><wbr><wbr><wbr><wbr><wbr><wbr><wbr><wbr><wbr><wbr><wbr><wbr><wbr><wbr><wbr><wbr><wbr><wbr><wbr><wbr><\/p>\n<p><wbr><wbr><\/wbr><\/wbr><\/p>\n<p><wbr><wbr><wbr><wbr><wbr><wbr><wbr><wbr><wbr><wbr><wbr><wbr><wbr><wbr><wbr><wbr><wbr><wbr><wbr><wbr><wbr><wbr><wbr><wbr><wbr><wbr><wbr><wbr><\/p>\n<p><wbr><wbr><\/wbr><\/wbr><\/p>\n<p><wbr><wbr><wbr><wbr><wbr><wbr><wbr><wbr><wbr><wbr><wbr><wbr><wbr><wbr><wbr><wbr><wbr><wbr><wbr><wbr><wbr><wbr><wbr><wbr><wbr><wbr><wbr><wbr><wbr><wbr><\/p>\n<p><wbr><wbr><wbr><\/wbr><\/wbr><\/wbr><\/p>\n<p><wbr><wbr><wbr><wbr><wbr><wbr><wbr><wbr><wbr><wbr><wbr><wbr><wbr><wbr><wbr><wbr><wbr><wbr><wbr><wbr><wbr><wbr><wbr><wbr><wbr><wbr><wbr><wbr><wbr><wbr><wbr><wbr><wbr><wbr><wbr><wbr><wbr><wbr><wbr><wbr><wbr><wbr><wbr><wbr><wbr><wbr><wbr><wbr><\/p>\n<p><wbr><wbr><\/wbr><\/wbr><\/p>\n<p><wbr><wbr><wbr><wbr><wbr><wbr><wbr><wbr><wbr><wbr><wbr><wbr><wbr><wbr><wbr><wbr><wbr><wbr><wbr><wbr><wbr><wbr><wbr><wbr><wbr><wbr><wbr><wbr><wbr><wbr><wbr><wbr><\/p>\n<p>Le immagini<\/p>\n<p><img loading=\"lazy\" decoding=\"async\" class=\" size-full wp-image-1051\" alt=\"\" src=\"https:\/\/scienzaegoverno.org\/wp-content\/uploads\/2018\/01\/Eindhoven-Trudo-Vertical-Forest-vista-dinsieme.png\" style=\"width: 425px; height: 600px;\" title=\"Eindhoven Trudo Vertical Forest-vista d'insieme\" width=\"425\" height=\"600\" srcset=\"https:\/\/www.scienzaegoverno.org\/wp-content\/uploads\/2018\/01\/Eindhoven-Trudo-Vertical-Forest-vista-dinsieme.png 425w, https:\/\/www.scienzaegoverno.org\/wp-content\/uploads\/2018\/01\/Eindhoven-Trudo-Vertical-Forest-vista-dinsieme-213x300.png 213w\" sizes=\"auto, (max-width: 425px) 100vw, 425px\" \/><\/p>\n<p><wbr><wbr><wbr><\/p>\n<p>&nbsp;<\/p>\n<p><img loading=\"lazy\" decoding=\"async\" class=\" size-full wp-image-1052\" alt=\"\" src=\"https:\/\/scienzaegoverno.org\/wp-content\/uploads\/2018\/01\/Stefano-Boeri-Architetti_Eindhoven-Trudo-Vertical-Forest_2018_facciata.png\" style=\"width: 600px; height: 333px;\" title=\"Facciata\" width=\"600\" height=\"333\" srcset=\"https:\/\/www.scienzaegoverno.org\/wp-content\/uploads\/2018\/01\/Stefano-Boeri-Architetti_Eindhoven-Trudo-Vertical-Forest_2018_facciata.png 600w, https:\/\/www.scienzaegoverno.org\/wp-content\/uploads\/2018\/01\/Stefano-Boeri-Architetti_Eindhoven-Trudo-Vertical-Forest_2018_facciata-300x167.png 300w\" sizes=\"auto, (max-width: 600px) 100vw, 600px\" \/><\/p>\n<p>&nbsp;<\/p>\n<p><img loading=\"lazy\" decoding=\"async\" class=\" size-full wp-image-1053\" alt=\"\" src=\"https:\/\/scienzaegoverno.org\/wp-content\/uploads\/2018\/01\/Eindhoven-Trudo-Vertical-Forest_2018_plan.png\" style=\"width: 478px; height: 431px;\" title=\"Plan\" width=\"478\" height=\"431\" srcset=\"https:\/\/www.scienzaegoverno.org\/wp-content\/uploads\/2018\/01\/Eindhoven-Trudo-Vertical-Forest_2018_plan.png 478w, https:\/\/www.scienzaegoverno.org\/wp-content\/uploads\/2018\/01\/Eindhoven-Trudo-Vertical-Forest_2018_plan-300x271.png 300w\" sizes=\"auto, (max-width: 478px) 100vw, 478px\" \/><\/p>\n<p>&nbsp;<\/p>\n<p><a href=\"https:\/\/scienzaegoverno.org\/wp-content\/uploads\/2018\/01\/CS-EINDHOVEN.pdf\">Leggi il comunicato stampa allegato<\/a><\/p>\n<p>&nbsp;<\/p>\n<p style=\"text-align: right;\"><img loading=\"lazy\" decoding=\"async\" data-mce-src=\"http:\/\/scienzaegoverno.voxmail.it\/rs\/content\/facebook-logo.png\" height=\"15\" src=\"http:\/\/scienzaegoverno.voxmail.it\/rs\/content\/facebook-logo.png\" style=\"color: rgb(38, 121, 185); font-family: inherit; font-size: inherit; font-style: inherit; font-variant: inherit; font-weight: inherit; text-align: center; border: none; margin: 0px; padding: 0px; outline: 0px; vertical-align: bottom; font-stretch: inherit; line-height: inherit; max-width: 100%; height: auto;\" width=\"15\" \/><\/p>\n<p>&nbsp;<\/p>\n<p>&nbsp;<\/p>\n<p><\/wbr><\/wbr><\/wbr><\/wbr><\/wbr><\/wbr><\/wbr><\/wbr><\/wbr><\/wbr><\/wbr><\/wbr><\/wbr><\/wbr><\/wbr><\/wbr><\/wbr><\/wbr><\/wbr><\/wbr><\/wbr><\/wbr><\/wbr><\/wbr><\/wbr><\/wbr><\/wbr><\/wbr><\/wbr><\/wbr><\/wbr><\/wbr><\/wbr><\/wbr><\/wbr><\/wbr><\/wbr><\/wbr><\/wbr><\/wbr><\/wbr><\/wbr><\/wbr><\/wbr><\/wbr><\/wbr><\/wbr><\/wbr><\/wbr><\/wbr><\/wbr><\/wbr><\/wbr><\/wbr><\/wbr><\/wbr><\/wbr><\/wbr><\/wbr><\/wbr><\/wbr><\/wbr><\/wbr><\/wbr><\/wbr><\/wbr><\/wbr><\/wbr><\/wbr><\/wbr><\/wbr><\/wbr><\/wbr><\/wbr><\/wbr><\/wbr><\/wbr><\/wbr><\/wbr><\/wbr><\/wbr><\/wbr><\/wbr><\/wbr><\/wbr><\/wbr><\/wbr><\/wbr><\/wbr><\/wbr><\/wbr><\/wbr><\/wbr><\/wbr><\/wbr><\/wbr><\/wbr><\/wbr><\/wbr><\/wbr><\/wbr><\/wbr><\/wbr><\/wbr><\/wbr><\/wbr><\/wbr><\/wbr><\/wbr><\/wbr><\/wbr><\/wbr><\/wbr><\/wbr><\/wbr><\/wbr><\/wbr><\/wbr><\/wbr><\/wbr><\/wbr><\/wbr><\/wbr><\/wbr><\/wbr><\/wbr><\/wbr><\/wbr><\/wbr><\/wbr><\/wbr><\/wbr><\/wbr><\/wbr><\/wbr><\/wbr><\/wbr><\/wbr><\/wbr><\/wbr><\/wbr><\/wbr><\/wbr><\/wbr><\/wbr><\/wbr><\/wbr><\/wbr><\/wbr><\/wbr><\/wbr><\/wbr><\/wbr><\/wbr><\/wbr><\/wbr><\/wbr><\/wbr><\/wbr><\/wbr><\/wbr><\/wbr><\/wbr><\/wbr><\/wbr><\/wbr><\/wbr><\/wbr><\/wbr><\/wbr><\/wbr><\/wbr><\/wbr><\/wbr><\/wbr><\/wbr><\/wbr><\/wbr><\/wbr><\/wbr><\/wbr><\/wbr><\/wbr><\/wbr><\/wbr><\/wbr><\/wbr><\/wbr><\/wbr><\/wbr><\/wbr><\/wbr><\/wbr><\/wbr><\/wbr><\/wbr><\/wbr><\/wbr><\/wbr><\/wbr><\/wbr><\/wbr><\/wbr><\/wbr><\/wbr><\/wbr><\/wbr><\/wbr><\/wbr><\/wbr><\/wbr><\/wbr><\/wbr><\/wbr><\/wbr><\/wbr><\/wbr><\/wbr><\/wbr><\/wbr><\/wbr><\/wbr><\/wbr><\/wbr><\/wbr><\/wbr><\/wbr><\/wbr><\/wbr><\/wbr><\/wbr><\/wbr><\/wbr><\/wbr><\/wbr><\/wbr><\/wbr><\/wbr><\/wbr><\/wbr><\/wbr><\/wbr><\/wbr><\/wbr><\/wbr><\/wbr><\/wbr><\/wbr><\/wbr><\/wbr><\/wbr><\/wbr><\/wbr><\/wbr><\/wbr><\/wbr><\/wbr><\/wbr><\/wbr><\/wbr><\/wbr><\/wbr><\/wbr><\/wbr><\/wbr><\/wbr><\/wbr><\/wbr><\/wbr><\/wbr><\/wbr><\/wbr><\/wbr><\/wbr><\/wbr><\/wbr><\/wbr><\/wbr><\/wbr><\/wbr><\/wbr><\/wbr><\/wbr><\/wbr><\/wbr><\/wbr><\/wbr><\/wbr><\/wbr><\/wbr><\/wbr><\/wbr><\/wbr><\/wbr><\/wbr><\/wbr><\/wbr><\/wbr><\/wbr><\/wbr><\/wbr><\/wbr><\/wbr><\/wbr><\/wbr><\/wbr><\/wbr><\/wbr><\/wbr><\/wbr><\/wbr><\/wbr><\/wbr><\/wbr><\/wbr><\/wbr><\/wbr><\/wbr><\/wbr><\/wbr><\/wbr><\/wbr><\/wbr><\/wbr><\/wbr><\/p>\n","protected":false},"excerpt":{"rendered":"<p>&nbsp; La Trudo Vertical Forest progettata dallo&nbsp; Studio Stefano Boeri Architetti sar\u00e0 il primo Bosco Verticale destinato al social housing&nbsp; e dunque rivolto a un&rsquo;utenza popolare. &ldquo;Il grattacielo di Eindhoven (Olanda), conferma la possibilit\u00e0 di unire le grandi sfide del cambiamento climatico con quelle del disagio abitativo.&nbsp;La forestazione urbana non \u00e8 solo una necessit\u00e0 per [&hellip;]<\/p>\n","protected":false},"author":4,"featured_media":1051,"comment_status":"closed","ping_status":"closed","sticky":false,"template":"","format":"standard","meta":{"advgb_blocks_editor_width":"","advgb_blocks_columns_visual_guide":"","footnotes":""},"categories":[18],"tags":[],"class_list":["post-1055","post","type-post","status-publish","format-standard","has-post-thumbnail","hentry","category-pagine_di_articoli"],"author_meta":{"display_name":"NoName","author_link":"https:\/\/www.scienzaegoverno.org\/?author=4"},"featured_img":"https:\/\/www.scienzaegoverno.org\/wp-content\/uploads\/2018\/01\/Eindhoven-Trudo-Vertical-Forest-vista-dinsieme-213x300.png","coauthors":[],"tax_additional":{"categories":{"linked":["<a href=\"https:\/\/www.scienzaegoverno.org\/?cat=18\" class=\"advgb-post-tax-term\">Pagine di articoli<\/a>"],"unlinked":["<span class=\"advgb-post-tax-term\">Pagine di articoli<\/span>"]}},"comment_count":"0","relative_dates":{"created":"Pubblicato 8 anni fa","modified":"Aggiornato 3 anni fa"},"absolute_dates":{"created":"Pubblicato il 11\/01\/2018","modified":"Aggiornato il 13\/09\/2023"},"absolute_dates_time":{"created":"Pubblicato il 11\/01\/2018 11:42","modified":"Aggiornato il 13\/09\/2023 17:11"},"featured_img_caption":"Eindhoven Trudo Vertical Forest-vista d'insieme","series_order":"","_links":{"self":[{"href":"https:\/\/www.scienzaegoverno.org\/index.php?rest_route=\/wp\/v2\/posts\/1055","targetHints":{"allow":["GET"]}}],"collection":[{"href":"https:\/\/www.scienzaegoverno.org\/index.php?rest_route=\/wp\/v2\/posts"}],"about":[{"href":"https:\/\/www.scienzaegoverno.org\/index.php?rest_route=\/wp\/v2\/types\/post"}],"author":[{"embeddable":true,"href":"https:\/\/www.scienzaegoverno.org\/index.php?rest_route=\/wp\/v2\/users\/4"}],"replies":[{"embeddable":true,"href":"https:\/\/www.scienzaegoverno.org\/index.php?rest_route=%2Fwp%2Fv2%2Fcomments&post=1055"}],"version-history":[{"count":1,"href":"https:\/\/www.scienzaegoverno.org\/index.php?rest_route=\/wp\/v2\/posts\/1055\/revisions"}],"predecessor-version":[{"id":13750,"href":"https:\/\/www.scienzaegoverno.org\/index.php?rest_route=\/wp\/v2\/posts\/1055\/revisions\/13750"}],"wp:featuredmedia":[{"embeddable":true,"href":"https:\/\/www.scienzaegoverno.org\/index.php?rest_route=\/wp\/v2\/media\/1051"}],"wp:attachment":[{"href":"https:\/\/www.scienzaegoverno.org\/index.php?rest_route=%2Fwp%2Fv2%2Fmedia&parent=1055"}],"wp:term":[{"taxonomy":"category","embeddable":true,"href":"https:\/\/www.scienzaegoverno.org\/index.php?rest_route=%2Fwp%2Fv2%2Fcategories&post=1055"},{"taxonomy":"post_tag","embeddable":true,"href":"https:\/\/www.scienzaegoverno.org\/index.php?rest_route=%2Fwp%2Fv2%2Ftags&post=1055"}],"curies":[{"name":"wp","href":"https:\/\/api.w.org\/{rel}","templated":true}]}}