{"id":18757,"date":"2025-04-29T11:53:00","date_gmt":"2025-04-29T09:53:00","guid":{"rendered":"https:\/\/www.scienzaegoverno.org\/?post_type=openpublish_article&#038;p=18757"},"modified":"2025-05-06T12:43:36","modified_gmt":"2025-05-06T10:43:36","slug":"earth-day-2025-tra-successi-e-contraddizioni","status":"publish","type":"openpublish_article","link":"https:\/\/www.scienzaegoverno.org\/?openpublish_article=earth-day-2025-tra-successi-e-contraddizioni","title":{"rendered":"Earth Day 2025, tra successi e contraddizioni"},"content":{"rendered":"\n<p><br>Di <em>Alessandro Campiotti<\/em><\/p>\n\n\n\n<p><strong>La Giornata Mondiale della Terra \u00e8 stata occasione di iniziative e dibattiti in circa 200 Paesi ed ha rilanciato l\u2019obiettivo di potenziare la produzione mondiale di energie rinnovabili. Tuttavia, alcune contraddizioni della transizione energetica contribuiscono a ridurre l\u2019attenzione di imprese e cittadini sui temi della sostenibilit\u00e0 socio-ambientale.<\/strong><\/p>\n\n\n\n<figure class=\"wp-block-image aligncenter size-full is-resized\"><img loading=\"lazy\" decoding=\"async\" width=\"440\" height=\"383\" src=\"https:\/\/www.scienzaegoverno.org\/wp-content\/uploads\/2025\/05\/foto-articolo-32.png\" alt=\"\" class=\"wp-image-18759\" style=\"width:331px;height:auto\" srcset=\"https:\/\/www.scienzaegoverno.org\/wp-content\/uploads\/2025\/05\/foto-articolo-32.png 440w, https:\/\/www.scienzaegoverno.org\/wp-content\/uploads\/2025\/05\/foto-articolo-32-300x261.png 300w\" sizes=\"auto, (max-width: 440px) 100vw, 440px\" \/><figcaption class=\"wp-element-caption\">Foto di <em>Alessandro Campiotti<\/em><\/figcaption><\/figure>\n\n\n\n<p>Lo scorso 22 aprile \u00e8 stata celebrata la Giornata Mondiale della Terra, istituita negli Stati Uniti nel 1970 a seguito di un disastro naturale provocato l\u2019anno prima, nel 1969, dall\u2019esplosione di una piattaforma petrolifera a largo della costa di Santa Barbara, in California. La contaminazione marina e costiera, causata dalla perdita di milioni di litri di petrolio, ebbe un tale impatto nell\u2019opinione pubblica che il senatore <em>Gaylord Nelson<\/em> lanci\u00f2 l\u2019iniziativa di istituire una giornata che avesse la valenza di sensibilizzare la popolazione mondiale nei confronti dei temi legati alla tutela del pianeta.<\/p>\n\n\n\n<p>Da oltre 50 anni, infatti, la celebrazione di questa giornata fornisce l\u2019occasione a circa 200 stati di porre la questione della salvaguardia ambientale al centro del dibattito pubblico, incentivando l\u2019organizzazione di numerose iniziative rivolte alla cittadinanza, con l\u2019obiettivo di migliorare la consapevolezza ecologica di adulti e piccini. Tra le iniziative pi\u00f9 partecipate, anche quest\u2019anno, figurano la pulizia di parchi e spiagge, la piantumazione di nuovi alberi, l\u2019organizzazione di mercatini di prodotti sostenibili e poi ancora eventi culturali e didattici che hanno visto l\u2019alternanza di momenti di formazione, riflessione e intrattenimento alla presenza di esperti del settore e divulgatori scientifici.<\/p>\n\n\n\n<p>Il tema ufficiale dell\u2019Earth Day 2025 \u00e8 stato \u201cour Power, our Planet\u201d (<em>Il nostro potere, il nostro pianeta<\/em>), per sottolineare quanto l\u2019essere umano e le attivit\u00e0 antropiche siano responsabili dell\u2019impatto ambientale esercitato sugli ecosistemi naturali e sulle specie animali e vegetali che li abitano. Per tali ragioni, <strong>tra i principali propositi avanzati quest\u2019anno nell\u2019ambito della Giornata della Terra, c\u2019\u00e8 l\u2019accelerazione del processo di transizione dall\u2019uso di energie fossili verso le energie rinnovabili<\/strong>, con l\u2019obiettivo di ridurre le emissioni di CO<sub>2 <\/sub>legate ai processi di combustione delle risorse naturali quali carbone, petrolio e gas.<\/p>\n\n\n\n<p>A questo proposito, gli investimenti nel settore delle rinnovabili risultano crescenti da diversi anni, come dimostra l\u2019aumento della quota di energia elettrica derivante da fonti alternative, che in Italia ha superato il 40% nel 2024. Allo stesso tempo, per\u00f2, <strong>occorre far presente che non sempre alla quota di energia prodotta da fonti rinnovabili corrisponde una riduzione proporzionale dello stock di energia prodotto da fonti fossili. Infatti, come \u00e8 stato recentemente sostenuto da <\/strong><em><strong>Daniel Yergin<\/strong><\/em> (economista e ricercatore statunitense nel settore dell\u2019energia) in un\u2019analisi pubblicata dalla testata americana <em>Foreing Affairs<\/em>, <strong>l\u2019attuale processo a cui stiamo assistendo somiglia pi\u00f9 ad un\u2019aggiunta energetica piuttosto che ad una transizione energetica<\/strong>.<\/p>\n\n\n\n<p><strong>Se il 2024 \u00e8 stato l\u2019anno in cui la produzione globale di energia solare ed eolica ha raggiunto livelli record rispetto al decennio precedente, un analogo incremento \u00e8 stato conseguito relativamente alla produzione di energie derivanti da carbone e petrolio<\/strong>, ottenendo come risultato complessivo una maggiore richiesta energetica a sostegno di un pianeta sempre pi\u00f9 abitato ed esigente di maggiori servizi. Tra questi, i sistemi di intelligenza artificiale, sempre pi\u00f9 comuni tra le persone di ogni et\u00e0, risultano un mezzo particolarmente dispendioso in termini di consumo energetico ed idrico. Per queste ragioni, diversi studi stimano che entro il 2030 l\u2019intelligenza artificiale potrebbe raggiungere una tale capillarit\u00e0 presso la popolazione da richiedere alcuni punti percentuali dell\u2019intero stock di energia globale per il suo funzionamento.<\/p>\n\n\n\n<p>Probabilmente <strong>la contraddizione dell\u2019aggiunta energetica, insieme al rilancio massiccio delle fonti fossili da parte dell\u2019attuale amministrazione americana, hanno contribuito a determinare il calo di attenzione registrato negli ultimi mesi presso cittadini e imprese nei confronti dei temi legati alla sostenibilit\u00e0 ambientale e sociale<\/strong>. In questo contesto, pertanto, sarebbe opportuno che i diversi attori istituzionali intervenissero tramite campagne di informazione e formazione per fare maggior chiarezza presso l\u2019opinione pubblica rispetto all\u2019attuale stato in cui versa la comune sfida verso la transizione energetica, con l\u2019auspicio di poter comunicare nella prossima Giornata Mondiale della Terra il raggiungimento di alcuni obiettivi concreti in materia di sostenibilit\u00e0 energetica ed ambientale.<\/p>\n\n\n\n<p><strong>Per approfondire:<\/strong><\/p>\n\n\n\n<p>Antonio Pascale, <em>Transizione bluff. Tutti i paradossi del piano per azzerare le emission<\/em><em>i<\/em><em>, <\/em>Il Foglio, 24\/03\/2025 <a href=\"https:\/\/www.ilfoglio.it\/economia\/2025\/03\/24\/news\/transizione-bluff-tutti-i-paradossi-del-piano-per-azzerare-le-emissioni-7544699\/\">https:\/\/www.ilfoglio.it\/economia\/2025\/03\/24\/news\/transizione-bluff-tutti-i-paradossi-del-piano-per-azzerare-le-emissioni-7544699\/<\/a><\/p>\n\n\n\n<p><a href=\"https:\/\/www.foreignaffairs.com\/authors\/daniel-yergin\">Daniel Yergin<\/a>,&nbsp;<a href=\"https:\/\/www.foreignaffairs.com\/authors\/peter-orszag\">Peter Orszag<\/a>, and&nbsp;<a href=\"https:\/\/www.foreignaffairs.com\/authors\/atul-arya\">Atul Arya<\/a>, <em>The Troubled Energy Transition &#8211; How to Find a Pragmatic Path Forward<\/em>, Foreign Affairs, 25\/02\/2025, <a href=\"https:\/\/www.foreignaffairs.com\/united-states\/troubled-energy-transition-yergin-orszag-arya\">https:\/\/www.foreignaffairs.com\/united-states\/troubled-energy-transition-yergin-orszag-arya<\/a><\/p>\n\n\n\n<p>easy4green, <em>Giornata della Terra 2025: cos\u2019\u00e8, quando si celebra e tutte le iniziative in Italia<\/em>, 10\/04\/2025<a href=\"https:\/\/easy4green.it\/ambiente\/giornata-della-terra-2025-cos-e-quando-si-celebra-e-tutte-le-iniziative-in-italia\/\">https:\/\/easy4green.it\/ambiente\/giornata-della-terra-2025-cos-e-quando-si-celebra-e-tutte-le-iniziative-in-italia\/<\/a><\/p>\n\n\n\n<p>Ferruccio De Bortoli, <em>L\u2019inatteso crollo dell\u2019attenzione alla sostenibilit\u00e0<\/em>, Corriere della Sera, 17\/04\/2025, <a href=\"https:\/\/www.corriere.it\/frammenti-ferruccio-de-bortoli\/25_aprile_17\/l-inatteso-crollo-dell-attenzione-alla-sostenibilita-a262116d-a1b9-4bbf-b4fb-656dee6ecxlk.shtml\">https:\/\/www.corriere.it\/frammenti-ferruccio-de-bortoli\/25_aprile_17\/l-inatteso-crollo-dell-attenzione-alla-sostenibilita-a262116d-a1b9-4bbf-b4fb-656dee6ecxlk.shtml<\/a><\/p>\n\n\n\n<p><\/p>\n\n\n\n<p><strong>___________________<\/strong><\/p>\n","protected":false},"author":11,"featured_media":0,"template":"","meta":{"advgb_blocks_editor_width":"","advgb_blocks_columns_visual_guide":""},"argomenti":[],"esterni":[],"class_list":["post-18757","openpublish_article","type-openpublish_article","status-publish","hentry"],"featured_img":false,"coauthors":[],"author_meta":{"author_link":"https:\/\/www.scienzaegoverno.org\/?author=11","display_name":"Myname"},"relative_dates":{"created":"Pubblicato 12 mesi fa","modified":"Aggiornato 12 mesi fa"},"absolute_dates":{"created":"Pubblicato il 29\/04\/2025","modified":"Aggiornato il 06\/05\/2025"},"absolute_dates_time":{"created":"Pubblicato il 29\/04\/2025 11:53","modified":"Aggiornato il 06\/05\/2025 12:43"},"featured_img_caption":"","tax_additional":{"argomenti":{"linked":[],"unlinked":[],"slug":"argomenti","name":"Argomentis"},"esterni":{"linked":[],"unlinked":[],"slug":"esterni","name":"Esternis"}},"series_order":"","_links":{"self":[{"href":"https:\/\/www.scienzaegoverno.org\/index.php?rest_route=\/wp\/v2\/openpublish_article\/18757","targetHints":{"allow":["GET"]}}],"collection":[{"href":"https:\/\/www.scienzaegoverno.org\/index.php?rest_route=\/wp\/v2\/openpublish_article"}],"about":[{"href":"https:\/\/www.scienzaegoverno.org\/index.php?rest_route=\/wp\/v2\/types\/openpublish_article"}],"author":[{"embeddable":true,"href":"https:\/\/www.scienzaegoverno.org\/index.php?rest_route=\/wp\/v2\/users\/11"}],"wp:attachment":[{"href":"https:\/\/www.scienzaegoverno.org\/index.php?rest_route=%2Fwp%2Fv2%2Fmedia&parent=18757"}],"wp:term":[{"taxonomy":"argomenti","embeddable":true,"href":"https:\/\/www.scienzaegoverno.org\/index.php?rest_route=%2Fwp%2Fv2%2Fargomenti&post=18757"},{"taxonomy":"esterni","embeddable":true,"href":"https:\/\/www.scienzaegoverno.org\/index.php?rest_route=%2Fwp%2Fv2%2Festerni&post=18757"}],"curies":[{"name":"wp","href":"https:\/\/api.w.org\/{rel}","templated":true}]}}