{"id":17095,"date":"2024-09-02T11:14:20","date_gmt":"2024-09-02T09:14:20","guid":{"rendered":"https:\/\/www.scienzaegoverno.org\/?post_type=openpublish_article&#038;p=17095"},"modified":"2024-09-06T18:19:38","modified_gmt":"2024-09-06T16:19:38","slug":"comunita-energetiche-rinnovabili-cer","status":"publish","type":"openpublish_article","link":"https:\/\/www.scienzaegoverno.org\/?openpublish_article=comunita-energetiche-rinnovabili-cer","title":{"rendered":"CER Comunit\u00e0 Energetiche Rinnovabili"},"content":{"rendered":"\n<p><strong>Azioni a lungo termine per implementare la transizione energetica.<\/strong><\/p>\n\n\n\n<p>Il ruolo dell\u2019uomo e delle sue attivit\u00e0 sui rapidi cambiamenti climatici e le consegunze  a livello planetario non sono pi\u00f9 discutibili. La transizione energetica \u00e8 uno dei tanti elementi sui quali \u00e8 necessario intervenire in ambito governativo e individuale, transizione che deve aver luogo attraverso le scelte dei governi ma, sottolineiamo sempre, che ciascun cittadino deve fare la propria parte.<\/p>\n\n\n\n<p>Procedere individualmente, per\u00f2, diventa difficile e dispendioso anche economicamente. L\u2019esperienza del 110\/100 ha sicuramente contribuito a migliorare le prestazioni energetiche degli edifici ma, tra le luci sono comparse tante ombre a causa di speculazioni e scorrettezze nella gestione amministrativa delle pratiche.<\/p>\n\n\n\n<p>Un\u2019informazione corretta \u00e8 il primo passo per accompagnare il cittadino a fare scelte compatibili con la sostenibilit\u00e0 a livello globale, la conoscenza \u00e8 infatti lo strumento principale per avviare una consapevole e condivisa scelta nell\u2019uso delle risorse.<\/p>\n\n\n\n<p>Nel febbraio scorso il Ministero dell\u2019Ambiente e della Sicurezza Energetica MASE su proposta del GSE (Gestore dei Servizi Energetici) previa verifica di ARERA (Autorit\u00e0 di Regolazione per Energia Reti e Ambiente) sono state pubblicate le regole operative per l\u2019accesso al servizio per l\u2019autoconsumo diffuso e per l&#8217;ammissione al contributo a fondo perduto PNRR del 40%.<\/p>\n\n\n\n<div class=\"wp-block-columns is-layout-flex wp-container-core-columns-is-layout-9d6595d7 wp-block-columns-is-layout-flex\">\n<div class=\"wp-block-column is-layout-flow wp-block-column-is-layout-flow\" style=\"flex-basis:66.66%\">\n<figure class=\"wp-block-image size-full is-resized\"><img loading=\"lazy\" decoding=\"async\" width=\"443\" height=\"360\" src=\"https:\/\/www.scienzaegoverno.org\/wp-content\/uploads\/2024\/09\/per-Toni.png\" alt=\"\" class=\"wp-image-17153\" style=\"width:503px;height:auto\" srcset=\"https:\/\/www.scienzaegoverno.org\/wp-content\/uploads\/2024\/09\/per-Toni.png 443w, https:\/\/www.scienzaegoverno.org\/wp-content\/uploads\/2024\/09\/per-Toni-300x244.png 300w\" sizes=\"auto, (max-width: 443px) 100vw, 443px\" \/><\/figure>\n<\/div>\n\n\n\n<div class=\"wp-block-column is-layout-flow wp-block-column-is-layout-flow\" style=\"flex-basis:33.33%\">\n<p>Foto n. 1<\/p>\n\n\n\n<p><strong>Edificio bifamiliare di recente costruzione dotato di impianto fotovoltaico in comune di Vigonza<\/strong>.<\/p>\n\n\n\n<p>Nel territorio di questo comune 33Kmq, periferia est di Padova, sono presenti 2 centraline primarie POD (Point Of Delivery).<\/p>\n\n\n\n<p>Secondo quanto previsto dall\u2019articolo 10 del Testo Integrato Autoconsumo Diffuso (TIAD), per rientrare in una comunit\u00e0 energetica \u00e8 indispensabile che i POD, Punti di fornitura, siano posizionati in una stessa area \u201cconvenzionale\u201d allacciata alla stessa cabina primaria.<\/p>\n\n\n\n<p>Foto n. 2  cabina primaria<\/p>\n\n\n\n<figure class=\"wp-block-image size-full\"><img loading=\"lazy\" decoding=\"async\" width=\"450\" height=\"296\" src=\"https:\/\/www.scienzaegoverno.org\/wp-content\/uploads\/2024\/09\/Intervento-pubblico-CABINA-PRIMARIA-2-2.jpg\" alt=\"\" class=\"wp-image-17148\" srcset=\"https:\/\/www.scienzaegoverno.org\/wp-content\/uploads\/2024\/09\/Intervento-pubblico-CABINA-PRIMARIA-2-2.jpg 450w, https:\/\/www.scienzaegoverno.org\/wp-content\/uploads\/2024\/09\/Intervento-pubblico-CABINA-PRIMARIA-2-2-300x197.jpg 300w\" sizes=\"auto, (max-width: 450px) 100vw, 450px\" \/><\/figure>\n<\/div>\n<\/div>\n\n\n\n<div class=\"wp-block-columns is-layout-flex wp-container-core-columns-is-layout-9d6595d7 wp-block-columns-is-layout-flex\">\n<div class=\"wp-block-column is-layout-flow wp-block-column-is-layout-flow\"><\/div>\n<\/div>\n\n\n\n<p><\/p>\n\n\n\n<div class=\"wp-block-columns is-layout-flex wp-container-core-columns-is-layout-9d6595d7 wp-block-columns-is-layout-flex\">\n<div class=\"wp-block-column is-layout-flow wp-block-column-is-layout-flow\">\n<figure class=\"wp-block-image size-large\"><img loading=\"lazy\" decoding=\"async\" width=\"1030\" height=\"631\" src=\"https:\/\/www.scienzaegoverno.org\/wp-content\/uploads\/2024\/09\/pannelli-asilo-ultimo1-1030x631.jpg\" alt=\"\" class=\"wp-image-17150\" srcset=\"https:\/\/www.scienzaegoverno.org\/wp-content\/uploads\/2024\/09\/pannelli-asilo-ultimo1-1030x631.jpg 1030w, https:\/\/www.scienzaegoverno.org\/wp-content\/uploads\/2024\/09\/pannelli-asilo-ultimo1-300x184.jpg 300w, https:\/\/www.scienzaegoverno.org\/wp-content\/uploads\/2024\/09\/pannelli-asilo-ultimo1-768x471.jpg 768w, https:\/\/www.scienzaegoverno.org\/wp-content\/uploads\/2024\/09\/pannelli-asilo-ultimo1-1536x941.jpg 1536w, https:\/\/www.scienzaegoverno.org\/wp-content\/uploads\/2024\/09\/pannelli-asilo-ultimo1-2048x1255.jpg 2048w, https:\/\/www.scienzaegoverno.org\/wp-content\/uploads\/2024\/09\/pannelli-asilo-ultimo1-1500x919.jpg 1500w, https:\/\/www.scienzaegoverno.org\/wp-content\/uploads\/2024\/09\/pannelli-asilo-ultimo1-705x432.jpg 705w\" sizes=\"auto, (max-width: 1030px) 100vw, 1030px\" \/><\/figure>\n\n\n\n<p>Pannelli fotovoltaici sul tetto dell&#8217;ex scuola dell&#8217;infanzia parrocchiale <\/p>\n\n\n\n<p>S. Ignazio di Loyola, Mont\u00e0 Padova <\/p>\n\n\n\n<p><\/p>\n<\/div>\n\n\n\n<div class=\"wp-block-column is-layout-flow wp-block-column-is-layout-flow\">\n<figure class=\"wp-block-image size-full is-resized\"><img loading=\"lazy\" decoding=\"async\" width=\"571\" height=\"503\" src=\"https:\/\/www.scienzaegoverno.org\/wp-content\/uploads\/2024\/09\/tetto-chiesa1.jpg\" alt=\"\" class=\"wp-image-17103\" style=\"width:379px;height:auto\" srcset=\"https:\/\/www.scienzaegoverno.org\/wp-content\/uploads\/2024\/09\/tetto-chiesa1.jpg 571w, https:\/\/www.scienzaegoverno.org\/wp-content\/uploads\/2024\/09\/tetto-chiesa1-300x264.jpg 300w\" sizes=\"auto, (max-width: 571px) 100vw, 571px\" \/><\/figure>\n\n\n\n<p>Impianto fotovoltaico sul tetto della chiesa Parrocchiale <\/p>\n\n\n\n<p>S. Ignazio di Loyola, Mont\u00e0 Padova<\/p>\n<\/div>\n<\/div>\n\n\n\n<div class=\"wp-block-columns is-layout-flex wp-container-core-columns-is-layout-9d6595d7 wp-block-columns-is-layout-flex\">\n<div class=\"wp-block-column is-layout-flow wp-block-column-is-layout-flow\"><\/div>\n<\/div>\n\n\n\n<p><strong>Che cos\u2019\u00e8 una CER?<\/strong> <\/p>\n\n\n\n<p>La parola Comunit\u00e0 implica pi\u00f9 soggetti che mettono in comune domanda e offerta. I protagonisti delle <strong>Comunit\u00e0 Energetiche Rinnovabili<\/strong> sono infatti <strong>Consumatori<\/strong>, <strong>Produttori<\/strong> e <strong>Prosumer <\/strong>ovvero il soggetto che possiede un proprio impianto di produzione di energia, della quale consuma una parte. La rimanente quota di energia pu\u00f2 essere immessa in rete, scambiata o accumulata in un apposito sistema e dunque restituita alle unit\u00e0 di consumo nel momento pi\u00f9 opportuno.<\/p>\n\n\n\n<p><strong>Chi pu\u00f2 far parte di una CER?<\/strong><\/p>\n\n\n\n<p>Una CER \u00e8 un insieme di cittadini, piccole e medie imprese, enti territoriali e autorit\u00e0 locali, amministrazioni locali, cooperative, enti di ricerca, enti religiosi, terzo settore, enti di protezione ambientale che condividono l\u2019energia elettrica rinnovabile prodotta da impianti nella disponibilit\u00e0 di uno o pi\u00f9 soggetti associatisi alla comunit\u00e0.<\/p>\n\n\n\n<p>Molto importante \u00e8 il ruolo delle Amministrazioni locali di comuni pi\u00f9 o meno grandi. Attualmente molti edifici scolastici hanno installato e prevedono di installare pannelli fotovoltaici per l\u2019utilizzo della risorsa del Sole. Promuovere una CER con altre realt\u00e0 strutturate come capannoni industriali, edifici religiosi e abitazioni private \u00e8 ora una strada percorribile.<\/p>\n\n\n\n<p><strong>Come si costituisce una CER<\/strong>?<\/p>\n\n\n\n<p>Si parte da un atto costitutivo condiviso che regola i rapporti tra i componenti. I protagonisti possono includere le Amministrazioni Comunali, cittadini associati, enti del Terzo Settore, cooperative benefit, consorzi, enti religiosi, organizzazioni senza scopo di lucro.<\/p>\n\n\n\n<p>La condivisione di energia tra consumatori e produttori proprietari di impianti fotovoltaici prevede diverse possibili \u201cconfigurazioni\u201d che permettono di ATTIVARE LA TARIFFA INCENTIVANTE PER 20 ANNI, calcolata dal GSE, sull\u2019ENERGIA CONDIVISA (virtualmente).<\/p>\n\n\n\n<p>Per approfondimenti sulla normativa si fa riferimento alle CACER &#8220;Configurazioni di Autoconsumo per la Condivisione dell&#8217;Energia Rinnovabile&#8221; e alla normativa dedicata.<\/p>\n\n\n\n<p>Le Regole Operative sono state redatte in attuazione dell\u2019art. 11 del Decreto del Ministro dell\u2019Ambiente e della Sicurezza energetica 7 dicembre 2023, n. 414 (nel seguito Decreto CACER) e dell\u2019art. 11 dell\u2019Allegato A alla delibera 727\/2022\/R\/eel (nel seguito TIAD o Delibera) dell\u2019Autorit\u00e0 di Regolazione per Energia Reti e Ambiente.<\/p>\n\n\n\n<p>Ulteriori informazioni sul sito (<a href=\"http:\/\/www.gse.it\/\">www.gse.it<\/a>)<\/p>\n\n\n\n<p><\/p>\n\n\n\n<p>Foto a cura di Alberta<\/p>\n\n\n\n<p><\/p>\n\n\n\n<p><\/p>\n\n\n\n<p><\/p>\n\n\n\n<p><\/p>\n\n\n\n<p><\/p>\n\n\n\n<p><\/p>\n\n\n\n<p><\/p>\n\n\n\n<p><\/p>\n\n\n\n<p><\/p>\n\n\n\n<p><\/p>\n\n\n\n<p><\/p>\n\n\n\n<p><\/p>\n\n\n\n<p><\/p>\n\n\n\n<p><\/p>\n\n\n\n<p><\/p>\n\n\n\n<p><\/p>\n\n\n\n<p><\/p>\n\n\n\n<p><\/p>\n\n\n\n<p><\/p>\n\n\n\n<p><\/p>\n\n\n\n<p><\/p>\n\n\n\n<p><\/p>\n\n\n\n<p><\/p>\n\n\n\n<p><\/p>\n\n\n\n<p><\/p>\n\n\n\n<p><\/p>\n\n\n\n<p><\/p>\n\n\n\n<p><\/p>\n\n\n\n<p><\/p>\n\n\n\n<p><\/p>\n\n\n\n<p><\/p>\n\n\n\n<p><\/p>\n\n\n\n<p><\/p>\n\n\n\n<p><\/p>\n\n\n\n<p><\/p>\n\n\n\n<p><\/p>\n\n\n\n<p><\/p>\n\n\n\n<p><\/p>\n\n\n\n<p><\/p>\n\n\n\n<p><\/p>\n\n\n\n<p><\/p>\n\n\n\n<p><\/p>\n\n\n\n<p><\/p>\n\n\n\n<p><\/p>\n\n\n\n<p><\/p>\n\n\n\n<p><\/p>\n\n\n\n<p><\/p>\n\n\n\n<p><\/p>\n\n\n\n<p><\/p>\n\n\n\n<p><\/p>\n\n\n\n<p><\/p>\n\n\n\n<p><\/p>\n\n\n\n<p><\/p>\n\n\n\n<p><\/p>\n\n\n\n<p><\/p>\n\n\n\n<p><\/p>\n\n\n\n<p><\/p>\n\n\n\n<p><\/p>\n\n\n\n<p><\/p>\n\n\n\n<p><\/p>\n\n\n\n<p><\/p>\n\n\n\n<p><\/p>\n\n\n\n<p><\/p>\n\n\n\n<p><\/p>\n\n\n\n<p><\/p>\n\n\n\n<p><\/p>\n\n\n\n<p><\/p>\n\n\n\n<p><\/p>\n\n\n\n<p><\/p>\n\n\n\n<p><\/p>\n\n\n\n<p><\/p>\n\n\n\n<p><\/p>\n\n\n\n<p><\/p>\n\n\n\n<p><\/p>\n\n\n\n<p><\/p>\n\n\n\n<p><\/p>\n\n\n\n<p><\/p>\n\n\n\n<p><\/p>\n\n\n\n<p><\/p>\n\n\n\n<p><\/p>\n\n\n\n<p><\/p>\n\n\n\n<p><\/p>\n\n\n\n<p><\/p>\n\n\n\n<p><\/p>\n\n\n\n<p><\/p>\n\n\n\n<p><\/p>\n\n\n\n<p><\/p>\n\n\n\n<p><\/p>\n\n\n\n<p><\/p>\n\n\n\n<p><\/p>\n\n\n\n<p><\/p>\n\n\n\n<p><\/p>\n\n\n\n<p><\/p>\n\n\n\n<p><\/p>\n\n\n\n<p><\/p>\n\n\n\n<p><\/p>\n\n\n\n<p><\/p>\n\n\n\n<p><\/p>\n\n\n\n<p><\/p>\n\n\n\n<p><\/p>\n\n\n\n<p><\/p>\n\n\n\n<p><\/p>\n\n\n\n<p><\/p>\n\n\n\n<p><\/p>\n\n\n\n<p><\/p>\n\n\n\n<p><\/p>\n\n\n\n<p><\/p>\n\n\n\n<p><\/p>\n\n\n\n<p><\/p>\n\n\n\n<p><\/p>\n\n\n\n<p><\/p>\n\n\n\n<p><\/p>\n\n\n\n<p><\/p>\n\n\n\n<p><\/p>\n\n\n\n<p><\/p>\n\n\n\n<p><\/p>\n\n\n\n<p><\/p>\n\n\n\n<p><\/p>\n\n\n\n<p><\/p>\n\n\n\n<p><\/p>\n\n\n\n<p><\/p>\n\n\n\n<p><\/p>\n\n\n\n<p><\/p>\n\n\n\n<p><\/p>\n\n\n\n<p><\/p>\n\n\n\n<p><\/p>\n\n\n\n<p><\/p>\n\n\n\n<p><\/p>\n\n\n\n<p><\/p>\n\n\n\n<p><\/p>\n\n\n\n<p><\/p>\n\n\n\n<p><\/p>\n\n\n\n<p><\/p>\n\n\n\n<p><\/p>\n\n\n\n<p><\/p>\n\n\n\n<p><\/p>\n\n\n\n<p><\/p>\n\n\n\n<p><\/p>\n\n\n\n<p><\/p>\n\n\n\n<p><\/p>\n\n\n\n<p><\/p>\n\n\n\n<p><\/p>\n\n\n\n<p><\/p>\n\n\n\n<p><\/p>\n\n\n\n<p><\/p>\n\n\n\n<p><\/p>\n\n\n\n<p><\/p>\n\n\n\n<p><\/p>\n\n\n\n<p><\/p>\n\n\n\n<p><\/p>\n\n\n\n<p><\/p>\n\n\n\n<p><\/p>\n\n\n\n<p><\/p>\n\n\n\n<p><\/p>\n\n\n\n<p><\/p>\n\n\n\n<p><\/p>\n\n\n\n<p><\/p>\n\n\n\n<p><\/p>\n\n\n\n<p><\/p>\n\n\n\n<p><\/p>\n\n\n\n<p><\/p>\n\n\n\n<p><\/p>\n\n\n\n<p><\/p>\n\n\n\n<p><\/p>\n\n\n\n<p><\/p>\n\n\n\n<p><\/p>\n\n\n\n<p><\/p>\n\n\n\n<p><\/p>\n\n\n\n<p><\/p>\n\n\n\n<p><\/p>\n\n\n\n<p><\/p>\n\n\n\n<p><\/p>\n\n\n\n<p><\/p>\n\n\n\n<p><\/p>\n\n\n\n<p><\/p>\n\n\n\n<p><\/p>\n\n\n\n<p><\/p>\n\n\n\n<p><\/p>\n\n\n\n<p><\/p>\n\n\n\n<p><\/p>\n\n\n\n<p><\/p>\n\n\n\n<p><\/p>\n\n\n\n<p><\/p>\n\n\n\n<p><\/p>\n\n\n\n<p><\/p>\n\n\n\n<p><\/p>\n\n\n\n<p><\/p>\n\n\n\n<p><\/p>\n\n\n\n<p><\/p>\n\n\n\n<p><\/p>\n\n\n\n<p><\/p>\n\n\n\n<p><\/p>\n\n\n\n<p><\/p>\n\n\n\n<p><\/p>\n\n\n\n<p><\/p>\n\n\n\n<p><\/p>\n\n\n\n<p><\/p>\n\n\n\n<p><\/p>\n\n\n\n<p><\/p>\n\n\n\n<p><\/p>\n\n\n\n<p><\/p>\n\n\n\n<p><\/p>\n\n\n\n<p><\/p>\n\n\n\n<p><\/p>\n\n\n\n<p><\/p>\n\n\n\n<p><\/p>\n\n\n\n<p><\/p>\n\n\n\n<p><\/p>\n\n\n\n<p><\/p>\n\n\n\n<p><\/p>\n\n\n\n<p><\/p>\n\n\n\n<p><\/p>\n\n\n\n<p><\/p>\n\n\n\n<p><\/p>\n\n\n\n<p><\/p>\n\n\n\n<p><\/p>\n\n\n\n<p><\/p>\n\n\n\n<p><\/p>\n\n\n\n<p><\/p>\n\n\n\n<p><\/p>\n\n\n\n<p><\/p>\n\n\n\n<p><\/p>\n\n\n\n<p><\/p>\n\n\n\n<p><\/p>\n\n\n\n<p><\/p>\n\n\n\n<p><\/p>\n\n\n\n<p><\/p>\n\n\n\n<p><\/p>\n\n\n\n<p><\/p>\n\n\n\n<p><\/p>\n\n\n\n<p><\/p>\n\n\n\n<p><\/p>\n\n\n\n<p><\/p>\n\n\n\n<p><\/p>\n\n\n\n<p><\/p>\n\n\n\n<p><\/p>\n\n\n\n<p><\/p>\n\n\n\n<p><\/p>\n\n\n\n<p><\/p>\n\n\n\n<p><\/p>\n\n\n\n<p><\/p>\n\n\n\n<p><\/p>\n\n\n\n<p><\/p>\n","protected":false},"author":6,"featured_media":0,"template":"","meta":{"advgb_blocks_editor_width":"","advgb_blocks_columns_visual_guide":""},"argomenti":[7],"esterni":[],"class_list":["post-17095","openpublish_article","type-openpublish_article","status-publish","hentry","argomenti-energia"],"featured_img":false,"coauthors":[],"author_meta":{"author_link":"https:\/\/www.scienzaegoverno.org\/?author=6","display_name":"Alberta"},"relative_dates":{"created":"Pubblicato 2 anni fa","modified":"Aggiornato 2 anni fa"},"absolute_dates":{"created":"Pubblicato il 02\/09\/2024","modified":"Aggiornato il 06\/09\/2024"},"absolute_dates_time":{"created":"Pubblicato il 02\/09\/2024 11:14","modified":"Aggiornato il 06\/09\/2024 18:19"},"featured_img_caption":"","tax_additional":{"argomenti":{"linked":["<a href=\"https:\/\/www.scienzaegoverno.org\/?argomenti=energia\" class=\"advgb-post-tax-term\">Energia<\/a>"],"unlinked":["<span class=\"advgb-post-tax-term\">Energia<\/span>"],"slug":"argomenti","name":"Argomentis"},"esterni":{"linked":[],"unlinked":[],"slug":"esterni","name":"Esternis"}},"series_order":"","_links":{"self":[{"href":"https:\/\/www.scienzaegoverno.org\/index.php?rest_route=\/wp\/v2\/openpublish_article\/17095","targetHints":{"allow":["GET"]}}],"collection":[{"href":"https:\/\/www.scienzaegoverno.org\/index.php?rest_route=\/wp\/v2\/openpublish_article"}],"about":[{"href":"https:\/\/www.scienzaegoverno.org\/index.php?rest_route=\/wp\/v2\/types\/openpublish_article"}],"author":[{"embeddable":true,"href":"https:\/\/www.scienzaegoverno.org\/index.php?rest_route=\/wp\/v2\/users\/6"}],"wp:attachment":[{"href":"https:\/\/www.scienzaegoverno.org\/index.php?rest_route=%2Fwp%2Fv2%2Fmedia&parent=17095"}],"wp:term":[{"taxonomy":"argomenti","embeddable":true,"href":"https:\/\/www.scienzaegoverno.org\/index.php?rest_route=%2Fwp%2Fv2%2Fargomenti&post=17095"},{"taxonomy":"esterni","embeddable":true,"href":"https:\/\/www.scienzaegoverno.org\/index.php?rest_route=%2Fwp%2Fv2%2Festerni&post=17095"}],"curies":[{"name":"wp","href":"https:\/\/api.w.org\/{rel}","templated":true}]}}